{"id":308894,"date":"2021-11-17T20:25:36","date_gmt":"2021-11-18T00:25:36","guid":{"rendered":"http:\/\/diariodominicano.com\/?p=308894"},"modified":"2021-11-17T20:25:36","modified_gmt":"2021-11-18T00:25:36","slug":"308894","status":"publish","type":"post","link":"https:\/\/diariodominicano.com\/?p=308894","title":{"rendered":""},"content":{"rendered":"\n<p><\/p>\n\n\n\n<h3 class=\"wp-block-heading\">Columbia Brit\u00e1nica declara estado de emergencia por inundaciones<\/h3>\n\n\n\n<p><a href=\"https:\/\/www.xinhua-news.com\/gdsdetailxhs\/share\/10618459-?pageflag=iframe\" target=\"_blank\" rel=\"noreferrer noopener\"><\/a><\/p>\n\n\n\n<pre id=\"text-news-description\" class=\"wp-block-preformatted\">   VANCOUVER, 17 nov (Xinhua) -- El gobierno de Columbia Brit\u00e1nica, Canad\u00e1, declar\u00f3 hoy el estado de emergencia en esta provincia del Pac\u00edfico debido a las inundaciones y aludes causados por las tormentas de los \u00faltimos d\u00edas.\n   El primer ministro de Columbia Brit\u00e1nica, John Horgan, hizo la declaraci\u00f3n en una conferencia de prensa. \"Las intensas lluvias, fuertes vientos e inundaciones han devastado comunidades enteras de nuestra provincia\".\n   La declaraci\u00f3n otorga a la provincia varias facultades, desde detener al acaparamiento, hasta restringir los viajes hacia y desde las zonas inundadas.\n   \"La orden conservar\u00e1 el acceso b\u00e1sico a servicios y suministros para las comunidades de toda la provincia\", dijo Horgan.\n   Miles de personas fueron desplazadas de sus hogares y se confirm\u00f3 la muerte de una mujer en el sur de Columbia Brit\u00e1nica.\n   \"Lamentablemente, esperamos confirmar m\u00e1s decesos en los pr\u00f3ximos d\u00edas\", dijo Horgan.\n   El primer ministro se\u00f1al\u00f3 que ha conversado con el primer ministro canadiense Justin Trudeau y a\u00f1adi\u00f3 que su gobierno ya ha solicitado de manera formal la asistencia de las fuerzas armadas canadienses.\n   Horgan dijo que el Gobierno de Trudeau y los gobiernos provinciales de Alberta, Saskatchewan y Ontario han ofrecido apoyo a su provincia. <\/pre>\n","protected":false},"excerpt":{"rendered":"<p>Columbia Brit\u00e1nica declara estado de emergencia por inundaciones VANCOUVER, 17 nov (Xinhua) &#8212; El gobierno de Columbia Brit\u00e1nica, Canad\u00e1, declar\u00f3 hoy el estado de emergencia en esta provincia del Pac\u00edfico debido a las inundaciones y aludes causados por las tormentas de los \u00faltimos d\u00edas. El primer ministro de Columbia Brit\u00e1nica, John Horgan, hizo la declaraci\u00f3n [&hellip;]<\/p>\n","protected":false},"author":5,"featured_media":308907,"comment_status":"closed","ping_status":"","sticky":true,"template":"","format":"standard","meta":{"footnotes":""},"categories":[23,27],"tags":[],"class_list":["post-308894","post","type-post","status-publish","format-standard","has-post-thumbnail","hentry","category-internacional","category-portada"],"_links":{"self":[{"href":"https:\/\/diariodominicano.com\/index.php?rest_route=\/wp\/v2\/posts\/308894","targetHints":{"allow":["GET"]}}],"collection":[{"href":"https:\/\/diariodominicano.com\/index.php?rest_route=\/wp\/v2\/posts"}],"about":[{"href":"https:\/\/diariodominicano.com\/index.php?rest_route=\/wp\/v2\/types\/post"}],"author":[{"embeddable":true,"href":"https:\/\/diariodominicano.com\/index.php?rest_route=\/wp\/v2\/users\/5"}],"replies":[{"embeddable":true,"href":"https:\/\/diariodominicano.com\/index.php?rest_route=%2Fwp%2Fv2%2Fcomments&post=308894"}],"version-history":[{"count":1,"href":"https:\/\/diariodominicano.com\/index.php?rest_route=\/wp\/v2\/posts\/308894\/revisions"}],"predecessor-version":[{"id":308908,"href":"https:\/\/diariodominicano.com\/index.php?rest_route=\/wp\/v2\/posts\/308894\/revisions\/308908"}],"wp:featuredmedia":[{"embeddable":true,"href":"https:\/\/diariodominicano.com\/index.php?rest_route=\/wp\/v2\/media\/308907"}],"wp:attachment":[{"href":"https:\/\/diariodominicano.com\/index.php?rest_route=%2Fwp%2Fv2%2Fmedia&parent=308894"}],"wp:term":[{"taxonomy":"category","embeddable":true,"href":"https:\/\/diariodominicano.com\/index.php?rest_route=%2Fwp%2Fv2%2Fcategories&post=308894"},{"taxonomy":"post_tag","embeddable":true,"href":"https:\/\/diariodominicano.com\/index.php?rest_route=%2Fwp%2Fv2%2Ftags&post=308894"}],"curies":[{"name":"wp","href":"https:\/\/api.w.org\/{rel}","templated":true}]}}