{"id":308889,"date":"2021-11-17T19:51:39","date_gmt":"2021-11-17T23:51:39","guid":{"rendered":"https:\/\/diariodominicano.com\/?p=308889"},"modified":"2021-11-17T19:51:39","modified_gmt":"2021-11-17T23:51:39","slug":"jueces-y-servidores-del-poder-judicial-y-las-altas-cortes-participaran-en-la-conferencia-magistral-transformacion-y-liderazgo-del-poder-judicial-organizada-por-el-tribunal-superior-electoral-tse","status":"publish","type":"post","link":"https:\/\/diariodominicano.com\/?p=308889","title":{"rendered":"Jueces y servidores del Poder Judicial y las Altas Cortes participar\u00e1n en la conferencia magistral Transformaci\u00f3n y liderazgo del Poder Judicial, organizada por el Tribunal Superior Electoral (TSE)"},"content":{"rendered":"\n<p><strong>SANTO DOMINGO, RD, 17 de noviembre de 2021. &#8211;<\/strong> Jueces y servidores del Poder Judicial y las Altas Cortes participar\u00e1n\u00a0en la conferencia\u00a0magistral titulada\u00a0Transformaci\u00f3n y liderazgo del Poder Judicial, organizada por el Tribunal Superior Electoral (TSE), con el\u00a0escritor y entrenador en liderazgo, el estadounidense\u00a0John Calvin Maxwell.<\/p>\n\n\n\n<p><strong>La\u00a0conferencia ser\u00e1 ofrecida a los miembros de la Suprema Corte de Justicia, el Tribunal Constitucional, el Tribunal Superior Administrativo, la Junta Central Electoral, la Procuradur\u00eda General de la Rep\u00fablica, medios de comunicaci\u00f3n, entre otros invitados, con el prop\u00f3sito de motivar a que esto sean parte de una transformaci\u00f3n integral de instituciones vinculadas al TSE,\u00a0con la que se persigue iniciar un plan de transformaci\u00f3n en valores y liderazgo institucional.<\/strong><\/p>\n\n\n\n<p>Se llevar\u00e1 a cabo&nbsp;este viernes&nbsp;en el auditorio de la Suprema Corte de Justicia,&nbsp;a partir de las 10:30 de la ma\u00f1ana, por gesti\u00f3n del TSE, donde se har\u00e1 el lanzamiento oficial del programa de capacitaci\u00f3n, con el&nbsp;que se persigue iniciar un plan de transformaci\u00f3n en valores y liderazgo institucional.<\/p>\n\n\n\n<p>Para lograr los objetivos propuestos, el TSE iniciar\u00e1 la instrucci\u00f3n, con&nbsp;tres coaches internacionales de la Fundaci\u00f3n John Maxwell, de los facilitadores que, a partir del mes de enero del a\u00f1o 2022, dirigir\u00e1n el proceso de capacitaci\u00f3n de la totalidad de los colaboradores de esta alta Corte.<\/p>\n\n\n\n<p>Adem\u00e1s de la conferencia magistral ser\u00e1n capacitados 71 colaboradores del Tribunal Superior Electoral, quienes servir\u00e1n de multiplicadores en el mes de enero. Y con ello Tribunal Superior Electoral se integra a Dominicana se Transforma.<\/p>\n\n\n\n<p>Las lecciones derivadas podr\u00e1n ser multiplicadas en el sistema judicial, mediante el m\u00e9todo \u201cimpacto colectivo\u201d, de la Universidad de Stanford y el concepto \u201cmesas de transformaci\u00f3n\u201d.<\/p>\n\n\n\n<p>A trav\u00e9s de dichas mesas, la Fundaci\u00f3n John C. Maxwell y Dominicana se Transforma, proporcionan a personas, empresas, comunidades y naciones, soluciones de liderazgo transformacional.<\/p>\n\n\n\n<p>La Rep\u00fablica Dominicana es el cuarto pa\u00eds latinoamericano en acoger esta iniciativa, precedida por Guatemala (2013), Paraguay (2016) y Costa Rica (2018).&nbsp; El se\u00f1or Maxwell ha manifestado,&nbsp;<em>\u201cEstoy aqu\u00ed porque siento que hay un potencial de poder lograr transformaci\u00f3n. Cuando evaluamos la Rep\u00fablica Dominicana, nos dimos cuenta de que est\u00e1 preparada y nos emocion\u00f3 mucho estar aqu\u00ed\u201d.<\/em><\/p>\n\n\n\n<p>El actual Pleno del TSE est\u00e1 comprometido&nbsp;en ratificar valores que son parte del cat\u00e1logo definido por este \u00d3rgano constitucional.&nbsp;<\/p>\n\n\n\n<p>La Fundaci\u00f3n Dominicana se Transforma realizar\u00e1 una encuesta en las 32 provincias del pa\u00eds para identificar diez valores que los ciudadanos reconozcan como \u201cindispensables\u201d para el proceso.<\/p>\n\n\n\n<p>A estos valores se les sumar\u00e1n seis leyes de liderazgo designadas por la Fundaci\u00f3n John Maxwell, con lo que se crear\u00e1 la plataforma para los manuales de las mesas de transformaci\u00f3n, herramienta mediante la cual se pretende iniciar un cambio en la mentalidad de una parte importante de los ciudadanos dominicanos.<br>&#8212;<br><strong>Direcci\u00f3n de Comunicaciones TSE<\/strong><\/p>\n\n\n\n<p>Diariodominicano.com<\/p>\n\n\n\n<p>El medio de comunicaci\u00f3n<\/p>\n\n\n\n<p><\/p>\n","protected":false},"excerpt":{"rendered":"<p>SANTO DOMINGO, RD, 17 de noviembre de 2021. &#8211; Jueces y servidores del Poder Judicial y las Altas Cortes participar\u00e1n\u00a0en la conferencia\u00a0magistral titulada\u00a0Transformaci\u00f3n y liderazgo del Poder Judicial, organizada por el Tribunal Superior Electoral (TSE), con el\u00a0escritor y entrenador en liderazgo, el estadounidense\u00a0John Calvin Maxwell. La\u00a0conferencia ser\u00e1 ofrecida a los miembros de la Suprema Corte [&hellip;]<\/p>\n","protected":false},"author":28,"featured_media":308891,"comment_status":"closed","ping_status":"","sticky":true,"template":"","format":"standard","meta":{"footnotes":""},"categories":[24,27],"tags":[],"class_list":["post-308889","post","type-post","status-publish","format-standard","has-post-thumbnail","hentry","category-justicia-y-derecho","category-portada"],"_links":{"self":[{"href":"https:\/\/diariodominicano.com\/index.php?rest_route=\/wp\/v2\/posts\/308889","targetHints":{"allow":["GET"]}}],"collection":[{"href":"https:\/\/diariodominicano.com\/index.php?rest_route=\/wp\/v2\/posts"}],"about":[{"href":"https:\/\/diariodominicano.com\/index.php?rest_route=\/wp\/v2\/types\/post"}],"author":[{"embeddable":true,"href":"https:\/\/diariodominicano.com\/index.php?rest_route=\/wp\/v2\/users\/28"}],"replies":[{"embeddable":true,"href":"https:\/\/diariodominicano.com\/index.php?rest_route=%2Fwp%2Fv2%2Fcomments&post=308889"}],"version-history":[{"count":1,"href":"https:\/\/diariodominicano.com\/index.php?rest_route=\/wp\/v2\/posts\/308889\/revisions"}],"predecessor-version":[{"id":308892,"href":"https:\/\/diariodominicano.com\/index.php?rest_route=\/wp\/v2\/posts\/308889\/revisions\/308892"}],"wp:featuredmedia":[{"embeddable":true,"href":"https:\/\/diariodominicano.com\/index.php?rest_route=\/wp\/v2\/media\/308891"}],"wp:attachment":[{"href":"https:\/\/diariodominicano.com\/index.php?rest_route=%2Fwp%2Fv2%2Fmedia&parent=308889"}],"wp:term":[{"taxonomy":"category","embeddable":true,"href":"https:\/\/diariodominicano.com\/index.php?rest_route=%2Fwp%2Fv2%2Fcategories&post=308889"},{"taxonomy":"post_tag","embeddable":true,"href":"https:\/\/diariodominicano.com\/index.php?rest_route=%2Fwp%2Fv2%2Ftags&post=308889"}],"curies":[{"name":"wp","href":"https:\/\/api.w.org\/{rel}","templated":true}]}}