{"id":308885,"date":"2021-11-17T19:46:14","date_gmt":"2021-11-17T23:46:14","guid":{"rendered":"https:\/\/diariodominicano.com\/?p=308885"},"modified":"2021-11-17T19:46:14","modified_gmt":"2021-11-17T23:46:14","slug":"ministerio-publico-concluye-lectura-de-acusacion-contra-implicados-en-sobornos-del-caso-super-tucano","status":"publish","type":"post","link":"https:\/\/diariodominicano.com\/?p=308885","title":{"rendered":"Ministerio P\u00fablico concluye lectura de acusaci\u00f3n contra implicados en sobornos del caso Super Tucano"},"content":{"rendered":"\n<p><strong>SANTO DOMINGO,  Rep\u00fablica Dominicana, 17 de noviembre de 2021.-<\/strong> El Ministerio P\u00fablico concluy\u00f3 el mi\u00e9rcoles con la lectura de la acusaci\u00f3n contra los involucrados en la distribuci\u00f3n de los 3.5 millones de d\u00f3lares entregados por la Empresa Brasileira de Aeron\u00e1utica (Embraer) a cambio de ser beneficiada como suplidora de ocho aviones Super Tucano.<\/p>\n\n\n\n<p>El Tercer Tribunal Colegiado del Distrito Nacional, integrado por las juezas Arl\u00edn Ventura, presidenta; Milagros Mercedes Ram\u00edrez Cabrera&nbsp; y Leticia Mart\u00ednez, donde se desarrolla el proceso, suspendi\u00f3 la audiencia en virtud de que ten\u00eda programado el conocimiento de otros casos.<\/p>\n\n\n\n<p>Isis de la Cruz, fiscal de la Procuradur\u00eda Especializada de Persecuci\u00f3n de la Corrupci\u00f3n Administrativa (Pepca), especific\u00f3 en declaraciones a la prensa que el juicio se suspendi\u00f3 para el pr\u00f3ximo 25 de noviembre, a las 9:00 de la ma\u00f1ana.<\/p>\n\n\n\n<p>\u201cEn el d\u00eda de hoy el Ministerio P\u00fablico continu\u00f3 leyendo su acusaci\u00f3n y concluy\u00f3 la misma\u201d, detall\u00f3 a periodistas que la entrevistaron a la salida de la sala de audiencias.<\/p>\n\n\n\n<p>Sobre el avance del proceso, la representante del Ministerio P\u00fablico dijo que los abogados del mayor general retirado Pedro Rafael Pe\u00f1a Antonio, exministro de Defensa, presentaron su discurso de apertura.<\/p>\n\n\n\n<p>Por este caso, son procesados adem\u00e1s el coronel Carlos Piccini N\u00fa\u00f1ez, exdirector de Proyectos Especiales de la Fuerza A\u00e9rea Dominicana (FAD), y el empresario Daniel Aquino Hern\u00e1ndez.&nbsp;<\/p>\n\n\n\n<p>Tambi\u00e9n, la empresa 4D Business Group, S. A. (hoy 4D Business Group, S.R.L.), as\u00ed como la compa\u00f1\u00eda Magycorp, S. A. (hoy Magicorp, S.R.L).<\/p>\n\n\n\n<p>El Ministerio P\u00fablico los acusa por incurrir en sobornos, lavado de activos y enriquecimiento il\u00edcito.<\/p>\n\n\n\n<p>El proceso se inici\u00f3 en 2016, el Ministerio P\u00fablico present\u00f3 la acusaci\u00f3n en 2017 y ahora se encuentra en la etapa de juicio de fondo.<\/p>\n\n\n\n<p>La empresa Embraer, que admiti\u00f3 la entrega de sobornos, fue condenada en 2018 al pago de 7 millones 40 mil d\u00f3lares al Estado dominicano.<\/p>\n\n\n\n<p>La Pepca acusa al grupo de imputados de violar varios art\u00edculos del C\u00f3digo Penal Dominicano, la Ley No. 448-06, sobre Soborno en el Comercio y la Inversi\u00f3n, y la antigua Ley 72-02, sobre Lavado de Activos en perjuicio del Estado dominicano.<\/p>\n\n\n\n<p>Durante la investigaci\u00f3n del caso, el \u00f3rgano de justicia logr\u00f3 obtener pruebas suficientes que vinculan a los imputados a este acto de corrupci\u00f3n administrativa.<\/p>\n\n\n\n<p>Las indagatorias abarcaron el rastreo de transferencias de dinero en el pa\u00eds y en el exterior, an\u00e1lisis y verificaci\u00f3n de patrimonios, examen a movimientos de cuentas bancarias, as\u00ed como la localizaci\u00f3n del origen de bienes.<\/p>\n\n\n\n<p>En marzo pasado, tras acoger la solicitud del Ministerio P\u00fablico, el Cuarto Juzgado de la Instrucci\u00f3n del Distrito Nacional orden\u00f3 el env\u00edo a juicio de los encartados.<\/p>\n\n\n\n<p><strong>Direcci\u00f3n de Comunicaci\u00f3n y Prensa<\/strong><\/p>\n\n\n\n<p><strong>Procuradur\u00eda General-Ministerio P\u00fablico RD<\/strong><\/p>\n\n\n\n<p><strong>Mi\u00e9rcoles, 17 de noviembre de 2021.<\/strong><\/p>\n\n\n\n<p>Diariodominicano.com<\/p>\n\n\n\n<p>El medio de comunicaci\u00f3n<\/p>\n\n\n\n<p><\/p>\n","protected":false},"excerpt":{"rendered":"<p>SANTO DOMINGO, Rep\u00fablica Dominicana, 17 de noviembre de 2021.- El Ministerio P\u00fablico concluy\u00f3 el mi\u00e9rcoles con la lectura de la acusaci\u00f3n contra los involucrados en la distribuci\u00f3n de los 3.5 millones de d\u00f3lares entregados por la Empresa Brasileira de Aeron\u00e1utica (Embraer) a cambio de ser beneficiada como suplidora de ocho aviones Super Tucano. El Tercer [&hellip;]<\/p>\n","protected":false},"author":28,"featured_media":308887,"comment_status":"closed","ping_status":"","sticky":true,"template":"","format":"standard","meta":{"footnotes":""},"categories":[24,27],"tags":[],"class_list":["post-308885","post","type-post","status-publish","format-standard","has-post-thumbnail","hentry","category-justicia-y-derecho","category-portada"],"_links":{"self":[{"href":"https:\/\/diariodominicano.com\/index.php?rest_route=\/wp\/v2\/posts\/308885","targetHints":{"allow":["GET"]}}],"collection":[{"href":"https:\/\/diariodominicano.com\/index.php?rest_route=\/wp\/v2\/posts"}],"about":[{"href":"https:\/\/diariodominicano.com\/index.php?rest_route=\/wp\/v2\/types\/post"}],"author":[{"embeddable":true,"href":"https:\/\/diariodominicano.com\/index.php?rest_route=\/wp\/v2\/users\/28"}],"replies":[{"embeddable":true,"href":"https:\/\/diariodominicano.com\/index.php?rest_route=%2Fwp%2Fv2%2Fcomments&post=308885"}],"version-history":[{"count":1,"href":"https:\/\/diariodominicano.com\/index.php?rest_route=\/wp\/v2\/posts\/308885\/revisions"}],"predecessor-version":[{"id":308888,"href":"https:\/\/diariodominicano.com\/index.php?rest_route=\/wp\/v2\/posts\/308885\/revisions\/308888"}],"wp:featuredmedia":[{"embeddable":true,"href":"https:\/\/diariodominicano.com\/index.php?rest_route=\/wp\/v2\/media\/308887"}],"wp:attachment":[{"href":"https:\/\/diariodominicano.com\/index.php?rest_route=%2Fwp%2Fv2%2Fmedia&parent=308885"}],"wp:term":[{"taxonomy":"category","embeddable":true,"href":"https:\/\/diariodominicano.com\/index.php?rest_route=%2Fwp%2Fv2%2Fcategories&post=308885"},{"taxonomy":"post_tag","embeddable":true,"href":"https:\/\/diariodominicano.com\/index.php?rest_route=%2Fwp%2Fv2%2Ftags&post=308885"}],"curies":[{"name":"wp","href":"https:\/\/api.w.org\/{rel}","templated":true}]}}