{"id":308881,"date":"2021-11-17T19:41:39","date_gmt":"2021-11-17T23:41:39","guid":{"rendered":"https:\/\/diariodominicano.com\/?p=308881"},"modified":"2021-11-17T19:41:39","modified_gmt":"2021-11-17T23:41:39","slug":"tribunal-condena-a-30-anos-de-prision-a-hombre-que-mato-hijastra-en-la-romana","status":"publish","type":"post","link":"https:\/\/diariodominicano.com\/?p=308881","title":{"rendered":"Tribunal condena a 30 a\u00f1os de prisi\u00f3n a hombre que mat\u00f3 hijastra en La Romana"},"content":{"rendered":"\n<p><em><u><strong>Los jueces del Tribunal Colegiado del Distrito Judicial de La Romana tambi\u00e9n impusieron el pago de cinco millones de pesos<\/strong><\/u><\/em><\/p>\n\n\n\n<p><strong>LA ROMANA, Rep\u00fablica Dominicana.-\u00a0<\/strong>\u00a0El Tribunal Colegiado del Distrito Judicial de La Romana acogi\u00f3 el pedimento del Ministerio P\u00fablico de esta jurisdicci\u00f3n e impuso una pena de 30 a\u00f1os de prisi\u00f3n contra un hombre\u00a0 acusado de asesinar a su hijastra en 2019.<\/p>\n\n\n\n<p><strong>Los jueces M\u00e1ximo Agust\u00edn Reyes Vanderhorst, Mar\u00eda Luisa Charles Castillo y Jossephang R. Bernhardt Nivar tomaron la decisi\u00f3n luego de validar como buenas y v\u00e1lidas las pruebas presentadas por los fiscales litigantes contra Francis Ashil Polo Mateo. Adem\u00e1s, el condenado deber\u00e1 pagar una indemnizaci\u00f3n de cinco millones de pesos.<\/strong><\/p>\n\n\n\n<p>El tribunal orden\u00f3 que cumpla la pena en el Centro de Correcci\u00f3n y Rehabilitaci\u00f3n Cucama, de La Romana.<\/p>\n\n\n\n<p>Durante las audiencias, Surielly Guerrero Arache y H\u00e9ctor Julio Matos de La Cruz, representantes del \u00f3rgano persecutor, relataron que el procesado planific\u00f3 el hecho en actitud de represalia contra la madre de la menor de edad.<\/p>\n\n\n\n<p>Asimismo, presentaron ante el tribunal pruebas testimoniales, periciales y audiovisuales, as\u00ed como un tel\u00e9fono m\u00f3vil y la conversaci\u00f3n entre Polo Mateo y la madre de la v\u00edctima&nbsp;luego&nbsp;de cometer el delito.<\/p>\n\n\n\n<p>Este hecho, seg\u00fan el Ministerio P\u00fablico, constituye una violaci\u00f3n a los art\u00edculos 295, 296, 297, 298 y 302, del C\u00f3digo Penal Dominicano.<\/p>\n\n\n\n<p><strong>Direcci\u00f3n de Comunicaci\u00f3n y Prensa<\/strong><\/p>\n\n\n\n<p><strong>Procuradur\u00eda General-Ministerio P\u00fablico RD<\/strong><\/p>\n\n\n\n<p><strong>Mi\u00e9rcoles, 17 de noviembre de 2021.<\/strong><\/p>\n\n\n\n<p>Diariodominicano.com<\/p>\n\n\n\n<p>El medio de comunicaci\u00f3n<\/p>\n\n\n\n<p><\/p>\n","protected":false},"excerpt":{"rendered":"<p>Los jueces del Tribunal Colegiado del Distrito Judicial de La Romana tambi\u00e9n impusieron el pago de cinco millones de pesos LA ROMANA, Rep\u00fablica Dominicana.-\u00a0\u00a0El Tribunal Colegiado del Distrito Judicial de La Romana acogi\u00f3 el pedimento del Ministerio P\u00fablico de esta jurisdicci\u00f3n e impuso una pena de 30 a\u00f1os de prisi\u00f3n contra un hombre\u00a0 acusado de [&hellip;]<\/p>\n","protected":false},"author":28,"featured_media":0,"comment_status":"closed","ping_status":"","sticky":true,"template":"","format":"standard","meta":{"footnotes":""},"categories":[24,27],"tags":[],"class_list":["post-308881","post","type-post","status-publish","format-standard","hentry","category-justicia-y-derecho","category-portada"],"_links":{"self":[{"href":"https:\/\/diariodominicano.com\/index.php?rest_route=\/wp\/v2\/posts\/308881","targetHints":{"allow":["GET"]}}],"collection":[{"href":"https:\/\/diariodominicano.com\/index.php?rest_route=\/wp\/v2\/posts"}],"about":[{"href":"https:\/\/diariodominicano.com\/index.php?rest_route=\/wp\/v2\/types\/post"}],"author":[{"embeddable":true,"href":"https:\/\/diariodominicano.com\/index.php?rest_route=\/wp\/v2\/users\/28"}],"replies":[{"embeddable":true,"href":"https:\/\/diariodominicano.com\/index.php?rest_route=%2Fwp%2Fv2%2Fcomments&post=308881"}],"version-history":[{"count":1,"href":"https:\/\/diariodominicano.com\/index.php?rest_route=\/wp\/v2\/posts\/308881\/revisions"}],"predecessor-version":[{"id":308884,"href":"https:\/\/diariodominicano.com\/index.php?rest_route=\/wp\/v2\/posts\/308881\/revisions\/308884"}],"wp:attachment":[{"href":"https:\/\/diariodominicano.com\/index.php?rest_route=%2Fwp%2Fv2%2Fmedia&parent=308881"}],"wp:term":[{"taxonomy":"category","embeddable":true,"href":"https:\/\/diariodominicano.com\/index.php?rest_route=%2Fwp%2Fv2%2Fcategories&post=308881"},{"taxonomy":"post_tag","embeddable":true,"href":"https:\/\/diariodominicano.com\/index.php?rest_route=%2Fwp%2Fv2%2Ftags&post=308881"}],"curies":[{"name":"wp","href":"https:\/\/api.w.org\/{rel}","templated":true}]}}