{"id":308871,"date":"2021-11-17T19:30:18","date_gmt":"2021-11-17T23:30:18","guid":{"rendered":"https:\/\/diariodominicano.com\/?p=308871"},"modified":"2021-11-17T19:30:18","modified_gmt":"2021-11-17T23:30:18","slug":"expertos-en-gestion-publica-de-barna-management-school-valoran-la-formacion-del-liderazgo-militar-dominicano","status":"publish","type":"post","link":"https:\/\/diariodominicano.com\/?p=308871","title":{"rendered":"Expertos en Gesti\u00f3n P\u00fablica de BARNA Management School Valoran la formaci\u00f3n del liderazgo militar dominicano"},"content":{"rendered":"\n<figure class=\"wp-block-table\"><table><tbody><tr><td><\/td><td><img decoding=\"async\" src=\"https:\/\/mail.google.com\/mail\/u\/1\/images\/cleardot.gif\" alt=\"Adjuntos\"><\/td><td><\/td><td><img decoding=\"async\" src=\"https:\/\/mail.google.com\/mail\/u\/1\/images\/cleardot.gif\" alt=\"\"><img decoding=\"async\" src=\"https:\/\/mail.google.com\/mail\/u\/1\/images\/cleardot.gif\" alt=\"\"><\/td><\/tr><tr><td><\/td><\/tr><\/tbody><\/table><\/figure>\n\n\n\n<p><img loading=\"lazy\" decoding=\"async\" src=\"https:\/\/mail.google.com\/mail\/u\/1?ui=2&amp;ik=e6c115171d&amp;attid=0.0.1&amp;permmsgid=msg-f:1716709118095914314&amp;th=17d2f9d8eec7f54a&amp;view=fimg&amp;fur=ip&amp;sz=s0-l75-ft&amp;attbid=ANGjdJ-eLVq72jr-7M5V1vAV2qWYBCzRDVxMQXG9lBS8ClfNQ01lnGyMKavv8cR47eGjuxvACOTa9EpCO7mdQma5E8s0EoVd_Lmb42PMn2R4-H4097bYbZ2s6g5RsOM&amp;disp=emb&amp;realattid=ii_kw482pmt2\" alt=\"560A9970.JPG\" width=\"542\" height=\"361\"><\/p>\n\n\n\n<p>SANTO DOMINGO.- Directivos y docentes del programa de gesti\u00f3n p\u00fablica de la BARNA Management School, valoraron la preparaci\u00f3n, las capacidades operativas y el liderazgo que en sus funciones demuestran los militares dominicanos, como garantes de la defensa y la seguridad de la Naci\u00f3n.<\/p>\n\n\n\n<p>El reconocimiento, fue expresado en el marco del taller \u201cMando y Autoridad\u201d impartido por especialistas en las \u00e1reas de Alta Direcci\u00f3n y Liderazgo, de la principal Escuela de negocios, establecida en la regi\u00f3n Caribe y con un centro en el pa\u00eds.<\/p>\n\n\n\n<p>En la actividad, el Ministro de Defensa Teniente General Carlos Luciano D\u00edaz Morfa, ERD., junto a los Oficiales que conforman el Estado Mayor General de las Fuerzas Armadas, as\u00ed como directores generales que toman las decisiones militares en el pa\u00eds, fueron edificados con esta capacitaci\u00f3n.&nbsp;<\/p>\n\n\n\n<p>\u201cConsiderando sus virtudes en la planificaci\u00f3n y toma de decisiones a favor del desarrollo nacional, tambi\u00e9n gracias a la conexi\u00f3n que hemos podido lograr entre BARNA y las autoridades del sistema educativo militar en el nivel superior, no descartamos la posibilidad de seguir fortaleciendo nuestros programas de formaci\u00f3n para la gesti\u00f3n p\u00fablica\u201d, afirm\u00f3 el rector de BARNA Management School Pablo Alves.<\/p>\n\n\n\n<p>En tanto que el profesor Alejandro Moreno-Salamanca, de la Universidad de la Sabana en Colombia, expres\u00f3 que \u201cante el compromiso que los militares tienen con su Patria es imprescindible el manejo de la prudencia, la cual no debe confundirse con cautela, la m\u00e1s importante de las cualidades que debe tener un Comandante, adem\u00e1s de la integridad\u201d.<\/p>\n\n\n\n<p>Agreg\u00f3 que \u00abs\u00f3lo as\u00ed podr\u00e1n desarrollar el potencial que tienen los equipos que dirigen y asegurar la paz de las naciones, para lo cual han sido encomendados y formados\u00bb.<\/p>\n\n\n\n<p>Mientras que Francisco Gonz\u00e1lez, especialista en Direcci\u00f3n del Recurso Humano, sugiri\u00f3 a los Comandantes participantes en el taller, que deben contar siempre con competencia t\u00e9cnica y rectitud de intenci\u00f3n, \u00abtomando en cuenta que entre las actitudes de un buen l\u00edder, est\u00e1n el autoconocimiento y conocer a los miembros de su equipo\u00bb.<\/p>\n\n\n\n<p>\u201cNo importa la complejidad del escenario donde hay que hacer las cosas bien, es necesario actuar siendo justos en el momento adecuado y creando un clima de confianza\u201d, asever\u00f3 Francisco Gonz\u00e1lez.<\/p>\n\n\n\n<p>Al final del taller, tanto el Ministro de Defensa como el Viceministro de Asuntos Militares Mayor General V\u00edctor A. Mercedes Cepeda, ERD., agradecieron a la BARNA Management School por las valoraciones de sus autoridades y por edificarlos como parte del proceso de superaci\u00f3n constante, inherente de la vida militar y la misi\u00f3n del Instituto Superior para la Defensa \u201cGeneral Juan Pablo Duarte y D\u00edez\u201d (INSUDE), que es desarrollar las capacidades en Defensa y Seguridad nacional, desde sus instituciones educativas en el nivel superior.<\/p>\n\n\n\n<p>Las clases en BARNA, especialmente dise\u00f1adas para propiciar un di\u00e1logo abierto y din\u00e1mico, provoca entre los asistentes, el debate y contraste de perspectivas, gracias a lo cual, pueden identificar y reconocer sus competencias estrat\u00e9gicas, ejecutivas y de liderazgo personal, al momento de conducir equipos de trabajo y dar cumplimiento a las misiones encomendadas.<\/p>\n\n\n\n<p> <strong>Prensa Mide<\/strong> <\/p>\n\n\n\n<p><strong><em>Departamento de Prensa<\/em><\/strong><\/p>\n\n\n\n<p><em><strong>Direcci\u00f3n de Asuntos Civiles del Estado Mayor Conjunto, J5<\/strong><\/em><\/p>\n\n\n\n<p><em><strong>Ministerio de Defensa de Rep\u00fablica Dominicana<\/strong><\/em><\/p>\n\n\n\n<p><\/p>\n\n\n\n<p>Diariodominicano.com<\/p>\n\n\n\n<p>El medio de comunicaci\u00f3n.<\/p>\n","protected":false},"excerpt":{"rendered":"<p>SANTO DOMINGO.- Directivos y docentes del programa de gesti\u00f3n p\u00fablica de la BARNA Management School, valoraron la preparaci\u00f3n, las capacidades operativas y el liderazgo que en sus funciones demuestran los militares dominicanos, como garantes de la defensa y la seguridad de la Naci\u00f3n. El reconocimiento, fue expresado en el marco del taller \u201cMando y Autoridad\u201d [&hellip;]<\/p>\n","protected":false},"author":28,"featured_media":308878,"comment_status":"closed","ping_status":"","sticky":true,"template":"","format":"standard","meta":{"footnotes":""},"categories":[20,27],"tags":[],"class_list":["post-308871","post","type-post","status-publish","format-standard","has-post-thumbnail","hentry","category-dominicana-hoy","category-portada"],"_links":{"self":[{"href":"https:\/\/diariodominicano.com\/index.php?rest_route=\/wp\/v2\/posts\/308871","targetHints":{"allow":["GET"]}}],"collection":[{"href":"https:\/\/diariodominicano.com\/index.php?rest_route=\/wp\/v2\/posts"}],"about":[{"href":"https:\/\/diariodominicano.com\/index.php?rest_route=\/wp\/v2\/types\/post"}],"author":[{"embeddable":true,"href":"https:\/\/diariodominicano.com\/index.php?rest_route=\/wp\/v2\/users\/28"}],"replies":[{"embeddable":true,"href":"https:\/\/diariodominicano.com\/index.php?rest_route=%2Fwp%2Fv2%2Fcomments&post=308871"}],"version-history":[{"count":1,"href":"https:\/\/diariodominicano.com\/index.php?rest_route=\/wp\/v2\/posts\/308871\/revisions"}],"predecessor-version":[{"id":308879,"href":"https:\/\/diariodominicano.com\/index.php?rest_route=\/wp\/v2\/posts\/308871\/revisions\/308879"}],"wp:featuredmedia":[{"embeddable":true,"href":"https:\/\/diariodominicano.com\/index.php?rest_route=\/wp\/v2\/media\/308878"}],"wp:attachment":[{"href":"https:\/\/diariodominicano.com\/index.php?rest_route=%2Fwp%2Fv2%2Fmedia&parent=308871"}],"wp:term":[{"taxonomy":"category","embeddable":true,"href":"https:\/\/diariodominicano.com\/index.php?rest_route=%2Fwp%2Fv2%2Fcategories&post=308871"},{"taxonomy":"post_tag","embeddable":true,"href":"https:\/\/diariodominicano.com\/index.php?rest_route=%2Fwp%2Fv2%2Ftags&post=308871"}],"curies":[{"name":"wp","href":"https:\/\/api.w.org\/{rel}","templated":true}]}}