{"id":308864,"date":"2021-11-17T19:14:17","date_gmt":"2021-11-17T23:14:17","guid":{"rendered":"http:\/\/diariodominicano.com\/?p=308864"},"modified":"2021-11-17T19:14:17","modified_gmt":"2021-11-17T23:14:17","slug":"policia-nacional-pone-en-marcha-iniciativa-dominicana-se-transforma-y-mesas-de-transformacion","status":"publish","type":"post","link":"https:\/\/diariodominicano.com\/?p=308864","title":{"rendered":"Polic\u00eda Nacional pone en marcha iniciativa \u201cDominicana se Transforma\u201d y Mesas de Transformaci\u00f3n"},"content":{"rendered":"\n<p>diariodominicano.com<\/p>\n\n\n\n<p>Santo Domingo, R. D., 17 de noviembre, 2021.-  La Polic\u00eda Nacional, bajo la coordinaci\u00f3n del Ministerio de Interior, puso en marcha la iniciativa \u201cDominicana se Transforma\u201d y la capacitaci\u00f3n de mesas de transformaci\u00f3n basada en liderazgo en valores.<\/p>\n\n\n\n<p>Se destaca que, a trav\u00e9s de diversas actividades y entrenamientos, \u201cDominicana se Transforma\u201d procura fomentar los valores<strong>,<\/strong>&nbsp;provocando un cambio positivo en la sociedad.<\/p>\n\n\n\n<p>El programa de capacitaciones para agentes de la Polic\u00eda Nacional ser\u00e1 impartido desde el mi\u00e9rcoles 17 hasta el pr\u00f3ximo s\u00e1bado, en horario de 9:00 a 11:00 de la ma\u00f1ana, y en la tarde de 3:00 a 5:00 PM.<\/p>\n\n\n\n<div class=\"wp-block-image\"><figure class=\"alignright size-large is-resized\"><img decoding=\"async\" src=\"https:\/\/diariodominicano.com\/wp-content\/uploads\/2021\/11\/Mesas-de-Transformacion-2-17-11-21-1024x682.jpg\" alt=\"\" class=\"wp-image-308866\" width=\"-213\" height=\"-141\" srcset=\"https:\/\/diariodominicano.com\/wp-content\/uploads\/2021\/11\/Mesas-de-Transformacion-2-17-11-21-1024x682.jpg 1024w, https:\/\/diariodominicano.com\/wp-content\/uploads\/2021\/11\/Mesas-de-Transformacion-2-17-11-21-300x200.jpg 300w, https:\/\/diariodominicano.com\/wp-content\/uploads\/2021\/11\/Mesas-de-Transformacion-2-17-11-21-768x512.jpg 768w, https:\/\/diariodominicano.com\/wp-content\/uploads\/2021\/11\/Mesas-de-Transformacion-2-17-11-21-816x544.jpg 816w, https:\/\/diariodominicano.com\/wp-content\/uploads\/2021\/11\/Mesas-de-Transformacion-2-17-11-21.jpg 1280w\" sizes=\"(max-width: 1024px) 100vw, 1024px\" \/><\/figure><\/div>\n\n\n\n<p>En el acto de apertura estuvieron presentes el viceministro de Interior y Polic\u00eda, Jes\u00fas Feliz, en representaci\u00f3n del ministro Jes\u00fas V\u00e1squez Mart\u00ednez; la directora de Relaciones Internacionales de \u201cDominicana se Transforma\u201d, se\u00f1ora Mar\u00eda Denisse Valdez; la encargada de Relaciones P\u00fablicas de Interior y Polic\u00eda, Raquel Rodr\u00edguez; el director de Comunicaciones Estrat\u00e9gicas de la Polic\u00eda Nacional, coronel Diego Pesqueira y el subdirector, teniente coronel Gabriel Mercedes.<\/p>\n\n\n\n<p>Al hablar en el acto, el viceministro Feliz manifest\u00f3 que el lanzamiento de la actividad busca profesionalizar a todos los miembros de la instituci\u00f3n para que sean una instituci\u00f3n m\u00e1s cre\u00edble, que garantice la vida y los bienes de los ciudadanos.<\/p>\n\n\n\n<p>\u201cTransformar la Polic\u00eda Nacional implica que sus entes, sus individualidades tengan valores fuertes en t\u00e9rminos \u00e9ticos y asuman el liderazgo para que la poblaci\u00f3n vea a la Polic\u00eda Nacional de una forma diferente a como la han estado viendo; no la vean con miedo, no la vean con susto, que le vean como un ente llamado a proteger la vida, la integridad y los bienes del ciudadano\u201d, manifest\u00f3.<\/p>\n\n\n\n<p><strong>Agradecimiento<\/strong><\/p>\n\n\n\n<p>Mientras que Denisse Valdez se mostr\u00f3 agradecida por el respaldo y acogida recibida por la instituci\u00f3n por ser la primera de Rep\u00fablica Dominicana en asumir la iniciativa de \u201cDominicana se Transforma\u00bb.<\/p>\n\n\n\n<p>\u201cHoy damos el inicio a una relaci\u00f3n a largo plazo de colaboraci\u00f3n mutua, donde vamos a apoyarles en la transformaci\u00f3n en valores de nuestra naci\u00f3n y del departamento de Polic\u00eda Nacional\u201d, expres\u00f3 Valdez.<\/p>\n\n\n\n<p>En tanto que Pesqueira asegur\u00f3 que representaba un honor para la instituci\u00f3n y su director, mayor general Eduardo Alberto Then, formar parte de la iniciativa \u201cDominicana se Transforma\u201d, y un aspecto importante en el proceso de transformaci\u00f3n policial.<\/p>\n\n\n\n<p><strong>Objetivo<\/strong><strong><\/strong><\/p>\n\n\n\n<p>La meta de la iniciativa es capacitar en principio 180 personas, quienes tendr\u00e1n la responsabilidad de convertirse en multiplicadores en peque\u00f1os grupos, hasta alcanzar la completa empleoman\u00eda de la instituci\u00f3n.<\/p>\n\n\n\n<p>El programa de Mesas de Transformaci\u00f3n consiste en un m\u00e9todo de ense\u00f1anza de valores y auto liderazgo muy sencillo y altamente efectivo donde se sostiene el valor de la comunicaci\u00f3n en un grupo conformado por un facilitador y sus integrantes, cada semana analizan una lecci\u00f3n diferente y se comprometen a tomar acci\u00f3n respecto a esa lecci\u00f3n.<\/p>\n\n\n\n<p>Dominicana se transforma es una organizaci\u00f3n no gubernamental (NGO) sin fines de lucro, aliada local de la Fundaci\u00f3n John C. Maxwell de Liderazgo, creada para lanzar programas de liderazgo y habilidades blandas a nivel pa\u00eds, e implementar el programa de liderazgo basado en valores a trav\u00e9s de Mesas de Transformaci\u00f3n.<\/p>\n\n\n\n<p>La iniciativa se origin\u00f3 en Guatemala en el a\u00f1o 2013 y luego ha evolucionado en algunos pa\u00edses como Paraguay en el 2015, Costa Rica en el 2018, y ahora se abre paso a la Rep\u00fablica Dominicana.<\/p>\n\n\n\n<p><strong>Actividades<\/strong><strong><\/strong><\/p>\n\n\n\n<p>Creaci\u00f3n de una&nbsp;<strong>mesa de transformaci\u00f3n<\/strong>&nbsp;que consiste en entrenar personas como facilitadores para que posteriormente dirijan mesas donde durante 12 semanas habr\u00e1 un valor diferente.<\/p>\n\n\n\n<p>El objetivo final es formar un gabinete con personas que representen las ocho esferas que son lo de m\u00e1s influencia: el Gobierno, los empresarios, fe, educaci\u00f3n, arte, deporte, salud y la familia.\u00a0\u00a0<\/p>\n\n\n\n<p>Fuente:  Departamento de Prensa<\/p>\n\n\n\n<p>Direcci\u00f3n\u00a0de Comunicaciones\u00a0Estrat\u00e9gicas<\/p>\n\n\n\n<p>Polic\u00eda Nacional Rep\u00fablica Dominicana<\/p>\n\n\n\n<figure class=\"wp-block-table\"><table><tbody><tr><td><strong>Prensa Policia Nacional<\/strong><\/td><\/tr><\/tbody><\/table><\/figure>\n","protected":false},"excerpt":{"rendered":"<p>diariodominicano.com Santo Domingo, R. D., 17 de noviembre, 2021.- La Polic\u00eda Nacional, bajo la coordinaci\u00f3n del Ministerio de Interior, puso en marcha la iniciativa \u201cDominicana se Transforma\u201d y la capacitaci\u00f3n de mesas de transformaci\u00f3n basada en liderazgo en valores. Se destaca que, a trav\u00e9s de diversas actividades y entrenamientos, \u201cDominicana se Transforma\u201d procura fomentar los [&hellip;]<\/p>\n","protected":false},"author":5,"featured_media":308865,"comment_status":"closed","ping_status":"","sticky":true,"template":"","format":"standard","meta":{"footnotes":""},"categories":[24,27],"tags":[],"class_list":["post-308864","post","type-post","status-publish","format-standard","has-post-thumbnail","hentry","category-justicia-y-derecho","category-portada"],"_links":{"self":[{"href":"https:\/\/diariodominicano.com\/index.php?rest_route=\/wp\/v2\/posts\/308864","targetHints":{"allow":["GET"]}}],"collection":[{"href":"https:\/\/diariodominicano.com\/index.php?rest_route=\/wp\/v2\/posts"}],"about":[{"href":"https:\/\/diariodominicano.com\/index.php?rest_route=\/wp\/v2\/types\/post"}],"author":[{"embeddable":true,"href":"https:\/\/diariodominicano.com\/index.php?rest_route=\/wp\/v2\/users\/5"}],"replies":[{"embeddable":true,"href":"https:\/\/diariodominicano.com\/index.php?rest_route=%2Fwp%2Fv2%2Fcomments&post=308864"}],"version-history":[{"count":1,"href":"https:\/\/diariodominicano.com\/index.php?rest_route=\/wp\/v2\/posts\/308864\/revisions"}],"predecessor-version":[{"id":308867,"href":"https:\/\/diariodominicano.com\/index.php?rest_route=\/wp\/v2\/posts\/308864\/revisions\/308867"}],"wp:featuredmedia":[{"embeddable":true,"href":"https:\/\/diariodominicano.com\/index.php?rest_route=\/wp\/v2\/media\/308865"}],"wp:attachment":[{"href":"https:\/\/diariodominicano.com\/index.php?rest_route=%2Fwp%2Fv2%2Fmedia&parent=308864"}],"wp:term":[{"taxonomy":"category","embeddable":true,"href":"https:\/\/diariodominicano.com\/index.php?rest_route=%2Fwp%2Fv2%2Fcategories&post=308864"},{"taxonomy":"post_tag","embeddable":true,"href":"https:\/\/diariodominicano.com\/index.php?rest_route=%2Fwp%2Fv2%2Ftags&post=308864"}],"curies":[{"name":"wp","href":"https:\/\/api.w.org\/{rel}","templated":true}]}}