{"id":308860,"date":"2021-11-17T18:45:07","date_gmt":"2021-11-17T22:45:07","guid":{"rendered":"http:\/\/diariodominicano.com\/?p=308860"},"modified":"2021-11-17T18:45:07","modified_gmt":"2021-11-17T22:45:07","slug":"autoridades-trabajan-en-la-unificacion-de-protocolos-de-todo-el-sistema-penitenciario","status":"publish","type":"post","link":"https:\/\/diariodominicano.com\/?p=308860","title":{"rendered":"Autoridades trabajan en la unificaci\u00f3n de protocolos de todo el sistema penitenciario"},"content":{"rendered":"\n<p>diariodominicano.com<\/p>\n\n\n\n<p>Santo Domingo, R. D., 17 de noviembre, 2021.- Las autoridades iniciaron el proceso para definir el plan de acci\u00f3n y el cronograma de trabajo hacia la integraci\u00f3n administrativa de todos los recintos carcelarios bajo la nueva Direcci\u00f3n General de Servicios Penitenciarios y Correccionales (SPC), un mandato de la Ley 113-21, promulgada el 23 de abril de este 2021.<\/p>\n\n\n\n<p>\u201cEn esta etapa de transici\u00f3n hacia la implementaci\u00f3n plena de la Ley 113-21, trabajamos con todo el equipo, con una visi\u00f3n y unos objetivos amplios que nos permiten abordar el tema penitenciario en su conjunto y potenciar la sinergia y el trabajo de todos los que tenemos la responsabilidad de desarrollar esta tarea\u00bb, dijo Roberto Hern\u00e1ndez Basilio, responsable de SPC.<\/p>\n\n\n\n<div class=\"wp-block-image\"><figure class=\"alignright size-large is-resized\"><img decoding=\"async\" src=\"https:\/\/diariodominicano.com\/wp-content\/uploads\/2021\/11\/penitenciaria17-11-21-carceles-1024x683.jpg\" alt=\"\" class=\"wp-image-308862\" width=\"-173\" height=\"-115\" srcset=\"https:\/\/diariodominicano.com\/wp-content\/uploads\/2021\/11\/penitenciaria17-11-21-carceles-1024x683.jpg 1024w, https:\/\/diariodominicano.com\/wp-content\/uploads\/2021\/11\/penitenciaria17-11-21-carceles-300x200.jpg 300w, https:\/\/diariodominicano.com\/wp-content\/uploads\/2021\/11\/penitenciaria17-11-21-carceles-768x512.jpg 768w, https:\/\/diariodominicano.com\/wp-content\/uploads\/2021\/11\/penitenciaria17-11-21-carceles-1536x1024.jpg 1536w, https:\/\/diariodominicano.com\/wp-content\/uploads\/2021\/11\/penitenciaria17-11-21-carceles-2048x1366.jpg 2048w, https:\/\/diariodominicano.com\/wp-content\/uploads\/2021\/11\/penitenciaria17-11-21-carceles-816x544.jpg 816w\" sizes=\"(max-width: 1024px) 100vw, 1024px\" \/><\/figure><\/div>\n\n\n\n<p>Hern\u00e1ndez Basilio encabez\u00f3 este mi\u00e9rcoles una tercera reuni\u00f3n para definir con todo el equipo penitenciario la hoja de ruta hacia la unificaci\u00f3n de la administraci\u00f3n y la estandarizaci\u00f3n de todos los protocolos del sistema penitenciario, el cual oper\u00f3 hasta hace poco bajo los lineamientos de la Direcci\u00f3n General de Prisiones y el Modelo de Gesti\u00f3n Penitenciario.<\/p>\n\n\n\n<p>Se espera que el proceso contribuya a fortalecer los est\u00e1ndares de atenci\u00f3n a los privados de libertad, al tiempo de incrementar el aprovechamiento de las potencialidades de los recursos humanos y mejorar la eficiencia en el uso de los recursos econ\u00f3micos.<\/p>\n\n\n\n<p>Adem\u00e1s de Hern\u00e1ndez Basilio, en las reuniones participa la responsable de la Direcci\u00f3n de Centros de Correcci\u00f3n y Rehabilitaci\u00f3n, Hilda Patricia Lagombra Polanco, as\u00ed como los principales responsables de las distintas \u00e1reas del sistema penitenciario.<\/p>\n\n\n\n<p>En la jornada de este martes, los y las responsables de Planificaci\u00f3n, Administraci\u00f3n, Tratamiento, Seguridad, Jur\u00eddica, Salud, Recursos Humanos y Servicios Generales revisaron distintos aspectos de la readecuaci\u00f3n, empezando por la estructura organizacional.<\/p>\n\n\n\n<p>Mientras, cinco comisiones se encargar\u00e1n de trabajar el modelo organizacional de la SPC, una entidad llamada a velar por garantizar, a trav\u00e9s de su ordenamiento jur\u00eddico, la protecci\u00f3n efectiva de los derechos de las personas privadas de libertad, en consonancia con la Constituci\u00f3n de la Rep\u00fablica y los tratados internacionales.<\/p>\n\n\n\n<p>Fuente:  <strong>Direcci\u00f3n de Comunicaci\u00f3n y Prensa<\/strong><\/p>\n\n\n\n<p><strong>Procuradur\u00eda General-Ministerio P\u00fablico RD<\/strong><\/p>\n\n\n\n<p><strong>Mi\u00e9rcoles, 17 de noviembre de 2021<\/strong><\/p>\n\n\n\n<p><strong>Direcci\u00f3n General de Comunicaciones, Prensa y Relaciones P\u00fablicas<\/strong><\/p>\n\n\n\n<p>Procuradur\u00eda General de la Rep\u00fablica Dominicana<\/p>\n","protected":false},"excerpt":{"rendered":"<p>diariodominicano.com Santo Domingo, R. D., 17 de noviembre, 2021.- Las autoridades iniciaron el proceso para definir el plan de acci\u00f3n y el cronograma de trabajo hacia la integraci\u00f3n administrativa de todos los recintos carcelarios bajo la nueva Direcci\u00f3n General de Servicios Penitenciarios y Correccionales (SPC), un mandato de la Ley 113-21, promulgada el 23 de [&hellip;]<\/p>\n","protected":false},"author":5,"featured_media":308861,"comment_status":"closed","ping_status":"","sticky":true,"template":"","format":"standard","meta":{"footnotes":""},"categories":[24,27],"tags":[],"class_list":["post-308860","post","type-post","status-publish","format-standard","has-post-thumbnail","hentry","category-justicia-y-derecho","category-portada"],"_links":{"self":[{"href":"https:\/\/diariodominicano.com\/index.php?rest_route=\/wp\/v2\/posts\/308860","targetHints":{"allow":["GET"]}}],"collection":[{"href":"https:\/\/diariodominicano.com\/index.php?rest_route=\/wp\/v2\/posts"}],"about":[{"href":"https:\/\/diariodominicano.com\/index.php?rest_route=\/wp\/v2\/types\/post"}],"author":[{"embeddable":true,"href":"https:\/\/diariodominicano.com\/index.php?rest_route=\/wp\/v2\/users\/5"}],"replies":[{"embeddable":true,"href":"https:\/\/diariodominicano.com\/index.php?rest_route=%2Fwp%2Fv2%2Fcomments&post=308860"}],"version-history":[{"count":1,"href":"https:\/\/diariodominicano.com\/index.php?rest_route=\/wp\/v2\/posts\/308860\/revisions"}],"predecessor-version":[{"id":308863,"href":"https:\/\/diariodominicano.com\/index.php?rest_route=\/wp\/v2\/posts\/308860\/revisions\/308863"}],"wp:featuredmedia":[{"embeddable":true,"href":"https:\/\/diariodominicano.com\/index.php?rest_route=\/wp\/v2\/media\/308861"}],"wp:attachment":[{"href":"https:\/\/diariodominicano.com\/index.php?rest_route=%2Fwp%2Fv2%2Fmedia&parent=308860"}],"wp:term":[{"taxonomy":"category","embeddable":true,"href":"https:\/\/diariodominicano.com\/index.php?rest_route=%2Fwp%2Fv2%2Fcategories&post=308860"},{"taxonomy":"post_tag","embeddable":true,"href":"https:\/\/diariodominicano.com\/index.php?rest_route=%2Fwp%2Fv2%2Ftags&post=308860"}],"curies":[{"name":"wp","href":"https:\/\/api.w.org\/{rel}","templated":true}]}}