{"id":308857,"date":"2021-11-17T18:28:28","date_gmt":"2021-11-17T22:28:28","guid":{"rendered":"http:\/\/diariodominicano.com\/?p=308857"},"modified":"2021-11-17T18:28:28","modified_gmt":"2021-11-17T22:28:28","slug":"suecia-exige-prueba-de-vacunacion-para-asistir-a-eventos-ante-repunte-de-contagios","status":"publish","type":"post","link":"https:\/\/diariodominicano.com\/?p=308857","title":{"rendered":"Suecia exige prueba de vacunaci\u00f3n  para asistir a eventos ante repunte de contagios"},"content":{"rendered":"\n<p>diariodominicano.com<a rel=\"noreferrer noopener\" href=\"https:\/\/www.xinhua-news.com\/gdsdetailxhs\/share\/10618280-?pageflag=iframe\" target=\"_blank\"><\/a><\/p>\n\n\n\n<pre id=\"text-news-description\" class=\"wp-block-preformatted\">   ESTOCOLMO, 17 nov (Xinhua) -- Las personas en Suecia pronto tendr\u00e1n que mostrar una prueba de vacunaci\u00f3n para asistir a grandes eventos en interiores de cien o m\u00e1s asistentes, indic\u00f3 hoy el Gobierno en Estocolmo.\n   La nueva medida ser\u00e1 introducida el 1 de diciembre.\n   \"La creciente propagaci\u00f3n de contagios en Europa es el motivo por el cual la Agencia de Salud P\u00fablica ahora busca introducir el uso de certificados de vacunaci\u00f3n\", dijo en una rueda de prensa la reci\u00e9n nombrada directora general de la agencia, Karin Tegmark Wisell.\n   Los organizadores de eventos podr\u00e1n optar por descartar esta medida, pero entonces tendr\u00e1n que introducir otras medidas para garantizar que los individuos no vacunados no est\u00e9n contagiados. Qu\u00e9 implica esto exactamente a\u00fan no se determina, pero las nuevas reglas podr\u00edan, por ejemplo, obligar a las personas a mantener la distancia entre ellas o limitar su n\u00famero en alguna zona en particular.\n   En una conferencia de prensa conjunta, la ministra de Salud y Asuntos Sociales, Lena Hallengren, dijo que espera que la mayor\u00eda de los organizadores de eventos soliciten la prueba de vacunaci\u00f3n.\n   La Agencia de Salud P\u00fablica tambi\u00e9n volvi\u00f3 a introducir la recomendaci\u00f3n de que todas las personas con s\u00edntomas sean sometidas a pruebas. A partir del 1 de noviembre, las pruebas s\u00f3lo eran recomendadas para individuos no vacunados.\n   De acuerdo con las estad\u00edsticas m\u00e1s recientes, el n\u00famero de contagios confirmados de COVID-19 en Suecia super\u00f3 hoy los 1,186 millones y el total de fallecimientos ha alcanzado los 15.107. En las \u00faltimas 24 horas se registraron 13 decesos.\n   Un total de 7,29 millones de individuos, el 85,3 por ciento de la poblaci\u00f3n de 16 a\u00f1os o m\u00e1s, han recibido al menos una dosis de una vacuna y 81,7 por ciento han recibido dos dosis. <\/pre>\n","protected":false},"excerpt":{"rendered":"<p>diariodominicano.com ESTOCOLMO, 17 nov (Xinhua) &#8212; Las personas en Suecia pronto tendr\u00e1n que mostrar una prueba de vacunaci\u00f3n para asistir a grandes eventos en interiores de cien o m\u00e1s asistentes, indic\u00f3 hoy el Gobierno en Estocolmo. La nueva medida ser\u00e1 introducida el 1 de diciembre. \u00abLa creciente propagaci\u00f3n de contagios en Europa es el motivo [&hellip;]<\/p>\n","protected":false},"author":5,"featured_media":308858,"comment_status":"closed","ping_status":"","sticky":true,"template":"","format":"standard","meta":{"footnotes":""},"categories":[23,27],"tags":[],"class_list":["post-308857","post","type-post","status-publish","format-standard","has-post-thumbnail","hentry","category-internacional","category-portada"],"_links":{"self":[{"href":"https:\/\/diariodominicano.com\/index.php?rest_route=\/wp\/v2\/posts\/308857","targetHints":{"allow":["GET"]}}],"collection":[{"href":"https:\/\/diariodominicano.com\/index.php?rest_route=\/wp\/v2\/posts"}],"about":[{"href":"https:\/\/diariodominicano.com\/index.php?rest_route=\/wp\/v2\/types\/post"}],"author":[{"embeddable":true,"href":"https:\/\/diariodominicano.com\/index.php?rest_route=\/wp\/v2\/users\/5"}],"replies":[{"embeddable":true,"href":"https:\/\/diariodominicano.com\/index.php?rest_route=%2Fwp%2Fv2%2Fcomments&post=308857"}],"version-history":[{"count":1,"href":"https:\/\/diariodominicano.com\/index.php?rest_route=\/wp\/v2\/posts\/308857\/revisions"}],"predecessor-version":[{"id":308859,"href":"https:\/\/diariodominicano.com\/index.php?rest_route=\/wp\/v2\/posts\/308857\/revisions\/308859"}],"wp:featuredmedia":[{"embeddable":true,"href":"https:\/\/diariodominicano.com\/index.php?rest_route=\/wp\/v2\/media\/308858"}],"wp:attachment":[{"href":"https:\/\/diariodominicano.com\/index.php?rest_route=%2Fwp%2Fv2%2Fmedia&parent=308857"}],"wp:term":[{"taxonomy":"category","embeddable":true,"href":"https:\/\/diariodominicano.com\/index.php?rest_route=%2Fwp%2Fv2%2Fcategories&post=308857"},{"taxonomy":"post_tag","embeddable":true,"href":"https:\/\/diariodominicano.com\/index.php?rest_route=%2Fwp%2Fv2%2Ftags&post=308857"}],"curies":[{"name":"wp","href":"https:\/\/api.w.org\/{rel}","templated":true}]}}