{"id":308840,"date":"2021-11-17T11:32:56","date_gmt":"2021-11-17T15:32:56","guid":{"rendered":"http:\/\/diariodominicano.com\/?p=308840"},"modified":"2021-11-17T11:32:56","modified_gmt":"2021-11-17T15:32:56","slug":"iglesia-catolica-respalda-proceso-de-transformacion-de-la-policia-nacional-y-gestion-del-mayor-general-alberto-then-2","status":"publish","type":"post","link":"https:\/\/diariodominicano.com\/?p=308840","title":{"rendered":"Iglesia Cat\u00f3lica respalda proceso de transformaci\u00f3n de la Polic\u00eda Nacional y gesti\u00f3n del mayor general Alberto Then"},"content":{"rendered":"\n<p>diariodominicano.com<\/p>\n\n\n\n<p>Santo Domingo, R. D.,  17 de noviembre, 2021.-  El Arzobispo de Santo Domingo, monse\u00f1or Francisco Ozoria Acosta, junto a comisiones del Arzobispado y el Obispado Castrense, respald\u00f3 hoy el proceso de transformaci\u00f3n de la Polic\u00eda Nacional, impulsado por el presidente de la Rep\u00fablica, Luis Abinader, y la gesti\u00f3n que realiza el mayor general Eduardo Alberto Then, al frente del cuerpo del orden.<\/p>\n\n\n\n<p>El espaldarazo de la c\u00fapula de la iglesia cat\u00f3lica al mayor general Alberto Then se produjo durante un encuentro oficial celebrado en la sede de la instituci\u00f3n del orden, que cont\u00f3 con la asistencia de los ministros Lizandro Macarrulla, de la Presidencia, y Jes\u00fas V\u00e1squez Mart\u00ednez, de Interior y Polic\u00eda, quienes de manera conjunta pasaron balance a los avances del proceso de transformaci\u00f3n y profesionalizaci\u00f3n de la Polic\u00eda Nacional.<\/p>\n\n\n\n<p>En este escenario, su excelencia Monse\u00f1or Ozoria Acosta expres\u00f3 su apoyo al mayor general Alberto Then, confiado en que dentro de sus funciones al frente de la instituci\u00f3n del orden p\u00fablico har\u00e1 todo lo posible para que siga desarrollando ese anhelado proceso de transformaci\u00f3n policial, impulsado por el propio presidente Abinader.<\/p>\n\n\n\n<p>\u201cEsta visita de amistad y apoyo a la gesti\u00f3n. Nos comprometemos a actuar y apoyar esta gesti\u00f3n que el pueblo est\u00e1 esperando de su director y de la instituci\u00f3n que conduzca hacia los mejores campos y mejores \u00e9xitos, y como hablamos de una transformaci\u00f3n estamos en ese trabajo, el pueblo entero est\u00e1 deseando esa transformaci\u00f3n y confiamos en que el nuevo director va a poner todo de su parte para esa transformaci\u00f3n y el pa\u00eds va a agradecer eso\u201d, manifest\u00f3.<\/p>\n\n\n\n<p>Mientras que el mayor general Alberto Then destac\u00f3 que se siente honrado y comprometido en este momento ante violencia y ante la poblaci\u00f3n nacional, para llevar a cabo este trabajo que tanto la iglesia ha predicado en su homil\u00eda, me comprometo de hacer todo el esfuerzo posible para llevar a cabo la tranquilidad, la seguridad ciudadana que la Rep\u00fablica Dominicana necesita.<\/p>\n\n\n\n<p>\u201cEl que se siente comprometido en este momento soy yo, ante la iglesia y la poblaci\u00f3n nacional, para llevar a cabo este trabajo que tanto la iglesia ha predicado en su homil\u00eda. Esas palabras de Monse\u00f1or Ozoria me compromete a\u00fan m\u00e1s de yo hacer todo el esfuerzo posible de llevar a cabo a la paz, la tranquilidad y la seguridad ciudadana que tanto la Rep\u00fablica Dominicana necesita\u201d, se\u00f1al\u00f3 el alto oficial.<\/p>\n\n\n\n<p>La comitiva de los cl\u00e9rigos fue encabezada por el monse\u00f1or Francisco Ozoria Acosta, Arzobispo Metropolitano de Santo Domingo, en compa\u00f1\u00eda del monse\u00f1or Faustino Burgos, obispo auxiliar de Santo Domingo y Secretario General de la Conferencia del Episcopado Dominicano, y monse\u00f1or Benito \u00c1ngeles Fern\u00e1ndez, obispo auxiliar de la Arquidi\u00f3cesis de Santo Domingo.<\/p>\n\n\n\n<p>Este encuentro incluy\u00f3 un almuerzo en el sal\u00f3n de Consejo Superior Policial, ubicado en la sede de la instituci\u00f3n, como muestra de amistad y confianza entra ambas entidades.<\/p>\n\n\n\n<p>Otras personalidades de la iglesia cat\u00f3lica dominicana presentes en esa visita fueron los padres Milc\u00edades Florentino y Alejandro Cabrera, capellanes mayores de la Armada de la Rep\u00fablica y la Polic\u00eda Nacional, respectivamente. Tambi\u00e9n el padre Francisco Mart\u00edn Guti\u00e9rrez, vicario para el Clero Castrense; padre Catalino Tejada, p\u00e1rroco Castrense P.N.; padre Juan Amadis Socorro Ovalles, vicario Parroquial Castrense P.N, y el Di\u00e1cono Julio Reyes Guill\u00e9n, asistente p\u00e1rroco Castrense P.N<\/p>\n\n\n\n<p>Fuente:  Departamento de Prensa<\/p>\n\n\n\n<p>Direcci\u00f3n\u00a0de Comunicaciones\u00a0Estrat\u00e9gicas<\/p>\n\n\n\n<p>Polic\u00eda Nacional Rep\u00fablica Dominicana<\/p>\n","protected":false},"excerpt":{"rendered":"<p>diariodominicano.com Santo Domingo, R. D., 17 de noviembre, 2021.- El Arzobispo de Santo Domingo, monse\u00f1or Francisco Ozoria Acosta, junto a comisiones del Arzobispado y el Obispado Castrense, respald\u00f3 hoy el proceso de transformaci\u00f3n de la Polic\u00eda Nacional, impulsado por el presidente de la Rep\u00fablica, Luis Abinader, y la gesti\u00f3n que realiza el mayor general Eduardo [&hellip;]<\/p>\n","protected":false},"author":5,"featured_media":308841,"comment_status":"closed","ping_status":"","sticky":true,"template":"","format":"standard","meta":{"footnotes":""},"categories":[20,27],"tags":[],"class_list":["post-308840","post","type-post","status-publish","format-standard","has-post-thumbnail","hentry","category-dominicana-hoy","category-portada"],"_links":{"self":[{"href":"https:\/\/diariodominicano.com\/index.php?rest_route=\/wp\/v2\/posts\/308840","targetHints":{"allow":["GET"]}}],"collection":[{"href":"https:\/\/diariodominicano.com\/index.php?rest_route=\/wp\/v2\/posts"}],"about":[{"href":"https:\/\/diariodominicano.com\/index.php?rest_route=\/wp\/v2\/types\/post"}],"author":[{"embeddable":true,"href":"https:\/\/diariodominicano.com\/index.php?rest_route=\/wp\/v2\/users\/5"}],"replies":[{"embeddable":true,"href":"https:\/\/diariodominicano.com\/index.php?rest_route=%2Fwp%2Fv2%2Fcomments&post=308840"}],"version-history":[{"count":1,"href":"https:\/\/diariodominicano.com\/index.php?rest_route=\/wp\/v2\/posts\/308840\/revisions"}],"predecessor-version":[{"id":308842,"href":"https:\/\/diariodominicano.com\/index.php?rest_route=\/wp\/v2\/posts\/308840\/revisions\/308842"}],"wp:featuredmedia":[{"embeddable":true,"href":"https:\/\/diariodominicano.com\/index.php?rest_route=\/wp\/v2\/media\/308841"}],"wp:attachment":[{"href":"https:\/\/diariodominicano.com\/index.php?rest_route=%2Fwp%2Fv2%2Fmedia&parent=308840"}],"wp:term":[{"taxonomy":"category","embeddable":true,"href":"https:\/\/diariodominicano.com\/index.php?rest_route=%2Fwp%2Fv2%2Fcategories&post=308840"},{"taxonomy":"post_tag","embeddable":true,"href":"https:\/\/diariodominicano.com\/index.php?rest_route=%2Fwp%2Fv2%2Ftags&post=308840"}],"curies":[{"name":"wp","href":"https:\/\/api.w.org\/{rel}","templated":true}]}}