{"id":308834,"date":"2021-11-17T11:06:59","date_gmt":"2021-11-17T15:06:59","guid":{"rendered":"http:\/\/diariodominicano.com\/?p=308834"},"modified":"2021-11-17T11:06:59","modified_gmt":"2021-11-17T15:06:59","slug":"fiscalia-de-santo-domingo-oeste-captura-hombre-que-ataco-a-punaladas-a-su-exsuegro-2","status":"publish","type":"post","link":"https:\/\/diariodominicano.com\/?p=308834","title":{"rendered":"Fiscal\u00eda de Santo Domingo Oeste captura hombre que atac\u00f3 a pu\u00f1aladas a su exsuegro"},"content":{"rendered":"\n<p>diariodominicano.com<\/p>\n\n\n\n<p>Santo Domingo, R. D., 17 de noviembre, 2021.- La Fiscal\u00eda del distrito judicial Santo Domingo Oeste, con el apoyo de agentes policiales adscritos a esta jurisdicci\u00f3n, captur\u00f3 a un hombre que permanec\u00eda pr\u00f3fugo por haber herido a su exsuegro con un arma blanca en Los Alcarrizos.<\/p>\n\n\n\n<p>Mediante un comunicado de prensa, la Fiscal\u00eda inform\u00f3 que, mediante el Departamento de Captura de Pr\u00f3fugos de la Unidad de Violencia, desarroll\u00f3 una exhaustiva labor de inteligencia para hacer efectiva la captura de Mariano Reynoso.<\/p>\n\n\n\n<p>El hombre est\u00e1 imputado&nbsp;de infringir m\u00faltiples heridas de arma blanca al padre de su expareja, en un hecho ocurrido en marzo del presente a\u00f1o en el municipio Los Alcarrizos.<\/p>\n\n\n\n<p>El Ministerio P\u00fablico inform\u00f3 que en las pr\u00f3ximas horas presentar\u00e1 solicitud de medida de coerci\u00f3n contra Mariano Reynoso.&nbsp;<\/p>\n\n\n\n<p>Fuente:  <strong>Direcci\u00f3n de Comunicaci\u00f3n y Prensa<\/strong><\/p>\n\n\n\n<p><strong>Procuradur\u00eda General-Ministerio P\u00fablico RD<\/strong><\/p>\n\n\n\n<p><strong>Martes, 16 de noviembre de 2021<\/strong><\/p>\n\n\n\n<p><strong>Direcci\u00f3n General de Comunicaciones, Prensa y Relaciones P\u00fablicas<\/strong><\/p>\n\n\n\n<p>Procuradur\u00eda General de la Rep\u00fablica Dominicana<\/p>\n","protected":false},"excerpt":{"rendered":"<p>diariodominicano.com Santo Domingo, R. D., 17 de noviembre, 2021.- La Fiscal\u00eda del distrito judicial Santo Domingo Oeste, con el apoyo de agentes policiales adscritos a esta jurisdicci\u00f3n, captur\u00f3 a un hombre que permanec\u00eda pr\u00f3fugo por haber herido a su exsuegro con un arma blanca en Los Alcarrizos. Mediante un comunicado de prensa, la Fiscal\u00eda inform\u00f3 [&hellip;]<\/p>\n","protected":false},"author":5,"featured_media":306134,"comment_status":"closed","ping_status":"","sticky":true,"template":"","format":"standard","meta":{"footnotes":""},"categories":[24,27],"tags":[],"class_list":["post-308834","post","type-post","status-publish","format-standard","has-post-thumbnail","hentry","category-justicia-y-derecho","category-portada"],"_links":{"self":[{"href":"https:\/\/diariodominicano.com\/index.php?rest_route=\/wp\/v2\/posts\/308834","targetHints":{"allow":["GET"]}}],"collection":[{"href":"https:\/\/diariodominicano.com\/index.php?rest_route=\/wp\/v2\/posts"}],"about":[{"href":"https:\/\/diariodominicano.com\/index.php?rest_route=\/wp\/v2\/types\/post"}],"author":[{"embeddable":true,"href":"https:\/\/diariodominicano.com\/index.php?rest_route=\/wp\/v2\/users\/5"}],"replies":[{"embeddable":true,"href":"https:\/\/diariodominicano.com\/index.php?rest_route=%2Fwp%2Fv2%2Fcomments&post=308834"}],"version-history":[{"count":1,"href":"https:\/\/diariodominicano.com\/index.php?rest_route=\/wp\/v2\/posts\/308834\/revisions"}],"predecessor-version":[{"id":308835,"href":"https:\/\/diariodominicano.com\/index.php?rest_route=\/wp\/v2\/posts\/308834\/revisions\/308835"}],"wp:featuredmedia":[{"embeddable":true,"href":"https:\/\/diariodominicano.com\/index.php?rest_route=\/wp\/v2\/media\/306134"}],"wp:attachment":[{"href":"https:\/\/diariodominicano.com\/index.php?rest_route=%2Fwp%2Fv2%2Fmedia&parent=308834"}],"wp:term":[{"taxonomy":"category","embeddable":true,"href":"https:\/\/diariodominicano.com\/index.php?rest_route=%2Fwp%2Fv2%2Fcategories&post=308834"},{"taxonomy":"post_tag","embeddable":true,"href":"https:\/\/diariodominicano.com\/index.php?rest_route=%2Fwp%2Fv2%2Ftags&post=308834"}],"curies":[{"name":"wp","href":"https:\/\/api.w.org\/{rel}","templated":true}]}}