{"id":308831,"date":"2021-11-17T10:58:16","date_gmt":"2021-11-17T14:58:16","guid":{"rendered":"http:\/\/diariodominicano.com\/?p=308831"},"modified":"2021-11-17T10:58:16","modified_gmt":"2021-11-17T14:58:16","slug":"afganistan-firma-acuerdos-con-grupos-humanitarios-para-ayudar-a-familias-desplazadas","status":"publish","type":"post","link":"https:\/\/diariodominicano.com\/?p=308831","title":{"rendered":"Afganist\u00e1n firma acuerdos con grupos humanitarios para ayudar a familias desplazadas"},"content":{"rendered":"\n<p>diariodominicano.com<a rel=\"noreferrer noopener\" href=\"https:\/\/www.xinhua-news.com\/gdsdetailxhs\/share\/10617595-?pageflag=iframe\" target=\"_blank\"><\/a><\/p>\n\n\n\n<pre id=\"text-news-description\" class=\"wp-block-preformatted\">   KABUL, 17 nov (Xinhua) -- El Ministerio de Asuntos de Refugiados del gobierno provisional del Talib\u00e1n en Afganist\u00e1n firm\u00f3 acuerdos con tres importantes agencias humanitarias, en un intento por apoyar a cientos de miles de familias desplazadas antes del invierno, confirm\u00f3 hoy el ministerio. \n   El ministerio indic\u00f3 en un comunicado que recientemente firm\u00f3 tres memor\u00e1ndums de entendimiento con ACTED-Afganist\u00e1n, la Organizaci\u00f3n para el Desarrollo de la Ayuda y el Comit\u00e9 Internacional de Rescate.\n   El presupuesto total de las tres organizaciones asciende a m\u00e1s de 9 millones de d\u00f3lares para brindar ayuda a las familias desplazadas por la guerra, seg\u00fan el comunicado.\n   Desde principios del a\u00f1o, m\u00e1s de 634.000 personas han sido desplazadas a causa del conflicto. Aproximadamente 5,5 millones de personas han sido desplazadas desde 2012, seg\u00fan cifras oficiales. <\/pre>\n","protected":false},"excerpt":{"rendered":"<p>diariodominicano.com KABUL, 17 nov (Xinhua) &#8212; El Ministerio de Asuntos de Refugiados del gobierno provisional del Talib\u00e1n en Afganist\u00e1n firm\u00f3 acuerdos con tres importantes agencias humanitarias, en un intento por apoyar a cientos de miles de familias desplazadas antes del invierno, confirm\u00f3 hoy el ministerio. El ministerio indic\u00f3 en un comunicado que recientemente firm\u00f3 tres [&hellip;]<\/p>\n","protected":false},"author":5,"featured_media":308832,"comment_status":"closed","ping_status":"","sticky":true,"template":"","format":"standard","meta":{"footnotes":""},"categories":[23,27],"tags":[],"class_list":["post-308831","post","type-post","status-publish","format-standard","has-post-thumbnail","hentry","category-internacional","category-portada"],"_links":{"self":[{"href":"https:\/\/diariodominicano.com\/index.php?rest_route=\/wp\/v2\/posts\/308831","targetHints":{"allow":["GET"]}}],"collection":[{"href":"https:\/\/diariodominicano.com\/index.php?rest_route=\/wp\/v2\/posts"}],"about":[{"href":"https:\/\/diariodominicano.com\/index.php?rest_route=\/wp\/v2\/types\/post"}],"author":[{"embeddable":true,"href":"https:\/\/diariodominicano.com\/index.php?rest_route=\/wp\/v2\/users\/5"}],"replies":[{"embeddable":true,"href":"https:\/\/diariodominicano.com\/index.php?rest_route=%2Fwp%2Fv2%2Fcomments&post=308831"}],"version-history":[{"count":1,"href":"https:\/\/diariodominicano.com\/index.php?rest_route=\/wp\/v2\/posts\/308831\/revisions"}],"predecessor-version":[{"id":308833,"href":"https:\/\/diariodominicano.com\/index.php?rest_route=\/wp\/v2\/posts\/308831\/revisions\/308833"}],"wp:featuredmedia":[{"embeddable":true,"href":"https:\/\/diariodominicano.com\/index.php?rest_route=\/wp\/v2\/media\/308832"}],"wp:attachment":[{"href":"https:\/\/diariodominicano.com\/index.php?rest_route=%2Fwp%2Fv2%2Fmedia&parent=308831"}],"wp:term":[{"taxonomy":"category","embeddable":true,"href":"https:\/\/diariodominicano.com\/index.php?rest_route=%2Fwp%2Fv2%2Fcategories&post=308831"},{"taxonomy":"post_tag","embeddable":true,"href":"https:\/\/diariodominicano.com\/index.php?rest_route=%2Fwp%2Fv2%2Ftags&post=308831"}],"curies":[{"name":"wp","href":"https:\/\/api.w.org\/{rel}","templated":true}]}}