{"id":308825,"date":"2021-11-17T10:54:33","date_gmt":"2021-11-17T14:54:33","guid":{"rendered":"http:\/\/diariodominicano.com\/?p=308825"},"modified":"2021-11-17T10:54:33","modified_gmt":"2021-11-17T14:54:33","slug":"rafael-santos-badia-es-designado-primer-vicepresidente-de-la-45a-reunion-de-la-comision-tecnica-de-oit-cinterfor","status":"publish","type":"post","link":"https:\/\/diariodominicano.com\/?p=308825","title":{"rendered":"Rafael Santos Bad\u00eda es designado primer vicepresidente de la 45\u00aa reuni\u00f3n de la Comisi\u00f3n T\u00e9cnica de OIT\/Cinterfor"},"content":{"rendered":"\n<p>diariodominicano.com<\/p>\n\n\n\n<p><em>Director general del INFOTEP participa en el encuentro que se desarrolla en Madrid<\/em><\/p>\n\n\n\n<p>Santo Domingo, R. D.,  17 de noviembre, 2021.-  El director general del Instituto Nacional de Formaci\u00f3n T\u00e9cnico Profesional (INFOTEP), Rafael Santos Bad\u00eda, fue designado primer vicepresidente de la 45\u00aa\u00a0reuni\u00f3n de la Comisi\u00f3n T\u00e9cnica de OIT\/Cinterfor, que se lleva a cabo desde este martes 16 y hasta el jueves 18 de noviembre, en Madrid, Espa\u00f1a.<\/p>\n\n\n\n<p>La Comisi\u00f3n T\u00e9cnica de OIT\/Cinterfor es el foro en el que representantes de organismos especializados en materia de formaci\u00f3n y desarrollo de recursos humanos de Estados Miembros de la Organizaci\u00f3n Internacional del Trabajo, en las Am\u00e9ricas y Europa, examinan y discuten los temas actuales de la formaci\u00f3n, intercambian experiencias y proponen nuevas actividades de cooperaci\u00f3n.<\/p>\n\n\n\n<p><br>Santos Bad\u00eda integra una comisi\u00f3n de trabajo representando a la Rep\u00fablica Dominicana en la reuni\u00f3n, la cual est\u00e1 encabezada por el presidente ex oficio de la Junta de Directores del INFOTEP, el ministro de Trabajo, Luis Miguel de Camps, y los tambi\u00e9n miembros de la Junta de Directores, Nelson Espinal B\u00e1ez, Gabriel del R\u00edo y el director a cargo del Departamento de Cooperaci\u00f3n Internacional, Edgar Pimentel Yost.<\/p>\n\n\n\n<div class=\"wp-block-image\"><figure class=\"alignleft size-full is-resized\"><img loading=\"lazy\" decoding=\"async\" src=\"https:\/\/diariodominicano.com\/wp-content\/uploads\/2021\/11\/Eulogia-Familia-Nelson-Espinal-Santos-Badia-Luis-De-Camps-Gabriel-del-Rio-y-Edgar-Pimentel16-11-21-1.jpeg\" alt=\"\" class=\"wp-image-308829\" width=\"390\" height=\"287\" srcset=\"https:\/\/diariodominicano.com\/wp-content\/uploads\/2021\/11\/Eulogia-Familia-Nelson-Espinal-Santos-Badia-Luis-De-Camps-Gabriel-del-Rio-y-Edgar-Pimentel16-11-21-1.jpeg 914w, https:\/\/diariodominicano.com\/wp-content\/uploads\/2021\/11\/Eulogia-Familia-Nelson-Espinal-Santos-Badia-Luis-De-Camps-Gabriel-del-Rio-y-Edgar-Pimentel16-11-21-1-300x222.jpeg 300w, https:\/\/diariodominicano.com\/wp-content\/uploads\/2021\/11\/Eulogia-Familia-Nelson-Espinal-Santos-Badia-Luis-De-Camps-Gabriel-del-Rio-y-Edgar-Pimentel16-11-21-1-768x567.jpeg 768w, https:\/\/diariodominicano.com\/wp-content\/uploads\/2021\/11\/Eulogia-Familia-Nelson-Espinal-Santos-Badia-Luis-De-Camps-Gabriel-del-Rio-y-Edgar-Pimentel16-11-21-1-816x603.jpeg 816w\" sizes=\"auto, (max-width: 390px) 100vw, 390px\" \/><\/figure><\/div>\n\n\n\n<p>En la reuni\u00f3n, como en cada edici\u00f3n, junto a las deliberaciones de&nbsp;Comisi\u00f3n T\u00e9cnica de OIT\/Cinterfor, se&nbsp;realizan diversas actividades de presentaci\u00f3n e intercambio de experiencias en el campo de la formaci\u00f3n profesional, mediante la realizaci\u00f3n de paneles, conferencias y conversatorios.<\/p>\n\n\n\n<p>La reuni\u00f3n se lleva a cabo bajo la tem\u00e1tica \u201cFormaci\u00f3n para la recuperaci\u00f3n y transformaci\u00f3n productiva con trabajo decente\u201d y agrupa a representantes de los pa\u00edses miembros de la OIT.<\/p>\n\n\n\n<p>En el marco del encuentro, Rafael Santos Bad\u00eda participa en el panel \u201cAprendizaje de Calidad: innovaciones y cooperaci\u00f3n regional\u201d, junto a representantes de Colombia, Jamaica y Canad\u00e1.<\/p>\n\n\n\n<p>Adem\u00e1s de participar\u00a0de la 45\u00aa\u00a0reuni\u00f3n de la Comisi\u00f3n T\u00e9cnica de OIT\/Cinterfor, durante su estancia en Europa, Santos Bad\u00eda visitar\u00e1 el Centro de Investigaci\u00f3n Aplicada de Formaci\u00f3n Profesional Euskadi \u2013 Tknika; y sostendr\u00e1 diversas reuniones, entre ellas, con el viceconsejero de Formaci\u00f3n Profesional del Gobierno Vasco, Jorge Ar\u00e9valo y con Nieves Olivera, directora general de la Escuela de Organizaci\u00f3n Industrial (EOI).<\/p>\n\n\n\n<figure class=\"wp-block-table\"><table><tbody><tr><td>Fuente:   <strong>Prensa INFOTEP<\/strong><\/td><\/tr><\/tbody><\/table><\/figure>\n\n\n\n<p><em><strong>Desir\u00e9e Mart\u00ednez<\/strong><\/em><br><em>Directora de Comunicaciones\u00a0Instituto Nacional de Formaci\u00f3n T\u00e9cnico Profesional<\/em><\/p>\n","protected":false},"excerpt":{"rendered":"<p>diariodominicano.com Director general del INFOTEP participa en el encuentro que se desarrolla en Madrid Santo Domingo, R. D., 17 de noviembre, 2021.- El director general del Instituto Nacional de Formaci\u00f3n T\u00e9cnico Profesional (INFOTEP), Rafael Santos Bad\u00eda, fue designado primer vicepresidente de la 45\u00aa\u00a0reuni\u00f3n de la Comisi\u00f3n T\u00e9cnica de OIT\/Cinterfor, que se lleva a cabo desde [&hellip;]<\/p>\n","protected":false},"author":5,"featured_media":308826,"comment_status":"closed","ping_status":"","sticky":true,"template":"","format":"standard","meta":{"footnotes":""},"categories":[20,27],"tags":[],"class_list":["post-308825","post","type-post","status-publish","format-standard","has-post-thumbnail","hentry","category-dominicana-hoy","category-portada"],"_links":{"self":[{"href":"https:\/\/diariodominicano.com\/index.php?rest_route=\/wp\/v2\/posts\/308825","targetHints":{"allow":["GET"]}}],"collection":[{"href":"https:\/\/diariodominicano.com\/index.php?rest_route=\/wp\/v2\/posts"}],"about":[{"href":"https:\/\/diariodominicano.com\/index.php?rest_route=\/wp\/v2\/types\/post"}],"author":[{"embeddable":true,"href":"https:\/\/diariodominicano.com\/index.php?rest_route=\/wp\/v2\/users\/5"}],"replies":[{"embeddable":true,"href":"https:\/\/diariodominicano.com\/index.php?rest_route=%2Fwp%2Fv2%2Fcomments&post=308825"}],"version-history":[{"count":1,"href":"https:\/\/diariodominicano.com\/index.php?rest_route=\/wp\/v2\/posts\/308825\/revisions"}],"predecessor-version":[{"id":308830,"href":"https:\/\/diariodominicano.com\/index.php?rest_route=\/wp\/v2\/posts\/308825\/revisions\/308830"}],"wp:featuredmedia":[{"embeddable":true,"href":"https:\/\/diariodominicano.com\/index.php?rest_route=\/wp\/v2\/media\/308826"}],"wp:attachment":[{"href":"https:\/\/diariodominicano.com\/index.php?rest_route=%2Fwp%2Fv2%2Fmedia&parent=308825"}],"wp:term":[{"taxonomy":"category","embeddable":true,"href":"https:\/\/diariodominicano.com\/index.php?rest_route=%2Fwp%2Fv2%2Fcategories&post=308825"},{"taxonomy":"post_tag","embeddable":true,"href":"https:\/\/diariodominicano.com\/index.php?rest_route=%2Fwp%2Fv2%2Ftags&post=308825"}],"curies":[{"name":"wp","href":"https:\/\/api.w.org\/{rel}","templated":true}]}}