{"id":308813,"date":"2021-11-17T10:16:30","date_gmt":"2021-11-17T14:16:30","guid":{"rendered":"http:\/\/diariodominicano.com\/?p=308813"},"modified":"2021-11-17T10:16:30","modified_gmt":"2021-11-17T14:16:30","slug":"enfrentamientos-fronterizos-entre-azerbaiyan-y-armenia-dejan-ocho-muertos-y-decenas-de-heridos-o-desaparecidos","status":"publish","type":"post","link":"https:\/\/diariodominicano.com\/?p=308813","title":{"rendered":"Enfrentamientos fronterizos entre Azerbaiy\u00e1n y Armenia dejan ocho muertos y decenas de heridos o desaparecidos"},"content":{"rendered":"\n<p>diariodominicano.com<a rel=\"noreferrer noopener\" href=\"https:\/\/www.xinhua-news.com\/gdsdetailxhs\/share\/10617074-?pageflag=iframe\" target=\"_blank\"><\/a><\/p>\n\n\n\n<pre id=\"text-news-description\" class=\"wp-block-preformatted\">   BAK\u00da\/EREV\u00c1N, 17 nov (Xinhua) -- Azerbaiy\u00e1n y Armenia confirmaron hoy mi\u00e9rcoles sus respectivas bajas en los enfrentamientos que se desataron la v\u00edspera a lo largo de la frontera com\u00fan.\n   El Ministerio de Defensa azerbaiyano precis\u00f3 en un comunicado que siete soldados del pa\u00eds perdieron la vida y otros diez resultaron heridos en los incidentes fronterizos.\n   En tanto, el Ministerio de Defensa armenio dio a conocer un balance de un efectivo militar fallecido, 24 desaparecidos y 13 detenidos por las fuerzas azerbaiyanas.\n   La parte azerbaiyana tambi\u00e9n se ha hecho con el control de dos posiciones militares de Armenia, a\u00f1adi\u00f3.\n   Los dos pa\u00edses cruzaron las acusaciones de ataques provocadores.\n   Horas despu\u00e9s de los enfrentamientos, Azerbaiy\u00e1n y Armenia llegaron a un acuerdo de cese al fuego bajo mediaci\u00f3n de Rusia.\n   Este mi\u00e9rcoles, ambos pa\u00edses confirmaron la suspensi\u00f3n de los enfrentamientos y aseguraron que la situaci\u00f3n en la regi\u00f3n fronteriza se ha vuelto estable a ra\u00edz del alto el fuego.\n   Los \u00faltimos enfrentamientos armados a gran escala entre Azerbaiy\u00e1n y Armenia tuvieron lugar en septiembre del a\u00f1o pasado, causando grandes p\u00e9rdidas humanas y materiales. Se terminaron con una tregua mediada por Mosc\u00fa en noviembre de 2020. <\/pre>\n\n\n\n<figure class=\"wp-block-image size-full\"><img loading=\"lazy\" decoding=\"async\" width=\"600\" height=\"360\" src=\"https:\/\/diariodominicano.com\/wp-content\/uploads\/2021\/11\/AZERBAIJAN-Armenia-17-11-21.jpg\" alt=\"\" class=\"wp-image-308816\" srcset=\"https:\/\/diariodominicano.com\/wp-content\/uploads\/2021\/11\/AZERBAIJAN-Armenia-17-11-21.jpg 600w, https:\/\/diariodominicano.com\/wp-content\/uploads\/2021\/11\/AZERBAIJAN-Armenia-17-11-21-300x180.jpg 300w\" sizes=\"auto, (max-width: 600px) 100vw, 600px\" \/><\/figure>\n","protected":false},"excerpt":{"rendered":"<p>diariodominicano.com BAK\u00da\/EREV\u00c1N, 17 nov (Xinhua) &#8212; Azerbaiy\u00e1n y Armenia confirmaron hoy mi\u00e9rcoles sus respectivas bajas en los enfrentamientos que se desataron la v\u00edspera a lo largo de la frontera com\u00fan. El Ministerio de Defensa azerbaiyano precis\u00f3 en un comunicado que siete soldados del pa\u00eds perdieron la vida y otros diez resultaron heridos en los incidentes [&hellip;]<\/p>\n","protected":false},"author":5,"featured_media":308815,"comment_status":"closed","ping_status":"","sticky":true,"template":"","format":"standard","meta":{"footnotes":""},"categories":[23,27],"tags":[],"class_list":["post-308813","post","type-post","status-publish","format-standard","has-post-thumbnail","hentry","category-internacional","category-portada"],"_links":{"self":[{"href":"https:\/\/diariodominicano.com\/index.php?rest_route=\/wp\/v2\/posts\/308813","targetHints":{"allow":["GET"]}}],"collection":[{"href":"https:\/\/diariodominicano.com\/index.php?rest_route=\/wp\/v2\/posts"}],"about":[{"href":"https:\/\/diariodominicano.com\/index.php?rest_route=\/wp\/v2\/types\/post"}],"author":[{"embeddable":true,"href":"https:\/\/diariodominicano.com\/index.php?rest_route=\/wp\/v2\/users\/5"}],"replies":[{"embeddable":true,"href":"https:\/\/diariodominicano.com\/index.php?rest_route=%2Fwp%2Fv2%2Fcomments&post=308813"}],"version-history":[{"count":1,"href":"https:\/\/diariodominicano.com\/index.php?rest_route=\/wp\/v2\/posts\/308813\/revisions"}],"predecessor-version":[{"id":308817,"href":"https:\/\/diariodominicano.com\/index.php?rest_route=\/wp\/v2\/posts\/308813\/revisions\/308817"}],"wp:featuredmedia":[{"embeddable":true,"href":"https:\/\/diariodominicano.com\/index.php?rest_route=\/wp\/v2\/media\/308815"}],"wp:attachment":[{"href":"https:\/\/diariodominicano.com\/index.php?rest_route=%2Fwp%2Fv2%2Fmedia&parent=308813"}],"wp:term":[{"taxonomy":"category","embeddable":true,"href":"https:\/\/diariodominicano.com\/index.php?rest_route=%2Fwp%2Fv2%2Fcategories&post=308813"},{"taxonomy":"post_tag","embeddable":true,"href":"https:\/\/diariodominicano.com\/index.php?rest_route=%2Fwp%2Fv2%2Ftags&post=308813"}],"curies":[{"name":"wp","href":"https:\/\/api.w.org\/{rel}","templated":true}]}}