{"id":308806,"date":"2021-11-17T09:40:37","date_gmt":"2021-11-17T13:40:37","guid":{"rendered":"https:\/\/diariodominicano.com\/?p=308806"},"modified":"2021-11-17T09:42:18","modified_gmt":"2021-11-17T13:42:18","slug":"mp-destaca-meritos-de-pruebas-para-imponer-prision-preventiva-por-18-meses-a-involucrados-en-el-caso-larva","status":"publish","type":"post","link":"https:\/\/diariodominicano.com\/?p=308806","title":{"rendered":"MP destaca m\u00e9ritos de pruebas para imponer prisi\u00f3n preventiva por 18 meses a involucrados en el Caso Larva"},"content":{"rendered":"\n<p> <strong>La procuradora de corte Ramona Nova Cabrera, titular de la Procuradur\u00eda Especializada Antilavado de Activos y Financiamiento del Terrorismo, resalt\u00f3 que en el proceso los fiscales demostrar\u00e1n que cuentan con suficientes pruebas para que sea acogida la petici\u00f3n del Ministerio P\u00fablico. <\/strong><\/p>\n\n\n\n<p><\/p>\n\n\n\n<p><strong>SAN CRIST\u00d3BAL, Rep\u00fablica Dominicana.- <\/strong>El Ministerio P\u00fablico destac\u00f3 los m\u00e9ritos de las pruebas aportadas contra los 15 imputados por lavado de activos del narcotr\u00e1fico del Caso Larva y confi\u00f3 en que el tribunal que conoce la medida de coerci\u00f3n les impondr\u00e1 prisi\u00f3n preventiva por 18 meses y declarar\u00e1 el expediente complejo.<\/p>\n\n\n\n<p>La procuradora de corte Ramona Nova Cabrera, titular de la Procuradur\u00eda Especializada Antilavado de Activos y Financiamiento del Terrorismo, resalt\u00f3 que en el proceso los fiscales demostrar\u00e1n que cuentan con suficientes pruebas para que sea acogida la petici\u00f3n del Ministerio P\u00fablico.<\/p>\n\n\n\n<p>Nova Cabrera se pronunci\u00f3 en esos t\u00e9rminos en momentos en que respond\u00eda a preguntas de la prensa luego que la Oficina Judicial de Servicios de Atenci\u00f3n Permanente de San Crist\u00f3bal aplazara la audiencia del conocimiento de la medida de coerci\u00f3n para este jueves 18 de noviembre, a las 12:00 del mediod\u00eda.<\/p>\n\n\n\n<p>Explic\u00f3 que el Ministerio P\u00fablico deposit\u00f3 la instancia de solicitud de medida de coerci\u00f3n y las pruebas en tiempo h\u00e1bil, algo que demostrar\u00e1 en la pr\u00f3xima audiencia cuando el tribunal conozca un recurso de inadmisibilidad interpuesto por la defensa.<\/p>\n\n\n\n<p>La jueza de la Oficina Judicial de Servicios de Atenci\u00f3n Permanente, Katherine Rubio Matos, dio inicio a la audiencia a las 2:30 de la tarde del martes y alrededor de las 11:30 de la noche dispuso su aplazamiento para el jueves. En el transcurso de la jornada rechaz\u00f3 un incidente de la defensa para que la medida se conociera en la jurisdicci\u00f3n del Distrito Nacional.<\/p>\n\n\n\n<p>El proceso se sigue contra los imputados Domingo Ventura, Jorge Luis Herasme Estrella, Mar\u00eda Mercedes Ramona Estrella, Sarai Esther Herasme Estrella, Luis Ney Herasme Pe\u00f1a, James Alexander Gonz\u00e1lez Cubilette, Joivel Alexander Gonz\u00e1lez Cubilette, \u00c1ngelo Spataro Rodr\u00edguez (Soni y\/o el Italiano), Elizabeth Spataro Rodr\u00edguez, Santa Fausta Rodr\u00edguez, Ram\u00f3n Eduardo Pi\u00f1a Reyes (Bomb\u00f3n y\/o Guardia), Luis Jim\u00e9nez (Bons\u00e1i y\/o Luis Hookah), Miguel Ram\u00f3n Santos Compr\u00e9s (Ray), Yira Mariela Zimmermann y Rusber Jos\u00e9 Suarez D\u00edaz (Ojitos).<\/p>\n\n\n\n<p>En tanto que como entidades con personer\u00eda jur\u00eddica encauzadas la acusaci\u00f3n incluye a Presta Bella Vista S.R.L, Inversiones Herasme P\u00e9rez S. A, Upper Promoci\u00f3n S.R.L, J&amp;H Administraci\u00f3n y Servicios S.R.L, H &amp; S inmobiliaria, S.R.L, Inversiones y Servicios Jorge y Mar\u00eda, RSD Geo Soluciones S.R.L, Rujoda Trading S.R.L, Agente de Cambio Estrella S.A., Grupo Intex Dominicana, S.R.L, Suplicor S.R.L, Corporaci\u00f3n de Cr\u00e9dito Corona (Cocreco), Blue Meadow Group S.R.L, Spataro Italian Foodmarker S.R.L., Nayali Moda Italiana S.R.L., Grupo Arconsa S.R.L, Dirotec Grupo de Inversiones, S.R.L. y Financiera GDNIPI, S.R.L.<\/p>\n\n\n\n<p>El equipo del Ministerio P\u00fablico en este caso adem\u00e1s est\u00e1 integrado por los fiscales Ramona Santana Uceta, titular interina de San Crist\u00f3bal, Luis Alberto Garc\u00eda, Daryl Montes de Oca, Laura Segura, Fanny Garabito, Eduardo Vel\u00e1squez y Elvira Rodr\u00edguez.<\/p>\n\n\n\n<p>El pasado 27 de octubre el Ministerio P\u00fablico desmantel\u00f3 la red de lavado de activos en coordinaci\u00f3n con el Centro de Informaci\u00f3n y Coordinaci\u00f3n Conjuntas (CICC) y la Direcci\u00f3n de Investigaciones Financieras (Difla) de la Direcci\u00f3n Nacional de Control de Drogas (DNCD).<\/p>\n\n\n\n<p>Los involucrados en el Caso Larva forman parte de una organizaci\u00f3n criminal dedicada a traficar drogas y a lavar activos producto de operaciones de narcotr\u00e1fico a gran escala, ha establecido el Ministerio P\u00fablico durante la investigaci\u00f3n.<\/p>\n\n\n\n<p>El entramado criminal est\u00e1 vinculado a una red de narcotr\u00e1fico denominada Corona, que el 16 de marzo de 2020 introdujo al pa\u00eds la cantidad de 724.35 kilogramos de coca\u00edna clorhidratada, por la costa de Nigua, provincia San Crist\u00f3bal, en una embarcaci\u00f3n proveniente de Colombia.<\/p>\n\n\n\n<p>El 15 de septiembre de 2020 la Fiscal\u00eda de San Crist\u00f3bal y la Procuradur\u00eda Especializada de Antilavado de Activos y Financiamiento del Terrorismo presentaron acusaci\u00f3n contra Jos\u00e9 An\u00edbal Gonz\u00e1lez Luna, Jos\u00e9 An\u00edbal Gonz\u00e1lez Cubilete (el Don), Manuel Alejandro Lara Mart\u00ednez, Julio Ignacio Morel Adames y otros 12 implicados en el Caso Corona, en el que las autoridades ocuparon un arsenal, incluyendo tres fusiles y una metralleta.<\/p>\n\n\n\n<p><strong>Direcci\u00f3n de Comunicaci\u00f3n y Prensa<\/strong><\/p>\n\n\n\n<p><strong>Procuradur\u00eda General-Ministerio P\u00fablico RD<\/strong><\/p>\n\n\n\n<p><strong>Mi\u00e9rcoles, 17 de noviembre de 2021.<\/strong><\/p>\n","protected":false},"excerpt":{"rendered":"<p>La procuradora de corte Ramona Nova Cabrera, titular de la Procuradur\u00eda Especializada Antilavado de Activos y Financiamiento del Terrorismo, resalt\u00f3 que en el proceso los fiscales demostrar\u00e1n que cuentan con suficientes pruebas para que sea acogida la petici\u00f3n del Ministerio P\u00fablico. SAN CRIST\u00d3BAL, Rep\u00fablica Dominicana.- El Ministerio P\u00fablico destac\u00f3 los m\u00e9ritos de las pruebas aportadas [&hellip;]<\/p>\n","protected":false},"author":28,"featured_media":308808,"comment_status":"closed","ping_status":"","sticky":true,"template":"","format":"standard","meta":{"footnotes":""},"categories":[23,27],"tags":[],"class_list":["post-308806","post","type-post","status-publish","format-standard","has-post-thumbnail","hentry","category-internacional","category-portada"],"_links":{"self":[{"href":"https:\/\/diariodominicano.com\/index.php?rest_route=\/wp\/v2\/posts\/308806","targetHints":{"allow":["GET"]}}],"collection":[{"href":"https:\/\/diariodominicano.com\/index.php?rest_route=\/wp\/v2\/posts"}],"about":[{"href":"https:\/\/diariodominicano.com\/index.php?rest_route=\/wp\/v2\/types\/post"}],"author":[{"embeddable":true,"href":"https:\/\/diariodominicano.com\/index.php?rest_route=\/wp\/v2\/users\/28"}],"replies":[{"embeddable":true,"href":"https:\/\/diariodominicano.com\/index.php?rest_route=%2Fwp%2Fv2%2Fcomments&post=308806"}],"version-history":[{"count":2,"href":"https:\/\/diariodominicano.com\/index.php?rest_route=\/wp\/v2\/posts\/308806\/revisions"}],"predecessor-version":[{"id":308809,"href":"https:\/\/diariodominicano.com\/index.php?rest_route=\/wp\/v2\/posts\/308806\/revisions\/308809"}],"wp:featuredmedia":[{"embeddable":true,"href":"https:\/\/diariodominicano.com\/index.php?rest_route=\/wp\/v2\/media\/308808"}],"wp:attachment":[{"href":"https:\/\/diariodominicano.com\/index.php?rest_route=%2Fwp%2Fv2%2Fmedia&parent=308806"}],"wp:term":[{"taxonomy":"category","embeddable":true,"href":"https:\/\/diariodominicano.com\/index.php?rest_route=%2Fwp%2Fv2%2Fcategories&post=308806"},{"taxonomy":"post_tag","embeddable":true,"href":"https:\/\/diariodominicano.com\/index.php?rest_route=%2Fwp%2Fv2%2Ftags&post=308806"}],"curies":[{"name":"wp","href":"https:\/\/api.w.org\/{rel}","templated":true}]}}