{"id":308764,"date":"2021-11-17T08:28:07","date_gmt":"2021-11-17T12:28:07","guid":{"rendered":"http:\/\/diariodominicano.com\/?p=308764"},"modified":"2021-11-17T08:28:07","modified_gmt":"2021-11-17T12:28:07","slug":"preocupa-a-dominicanos-ny-advertencia-de-puig-sobre-turismo-rd","status":"publish","type":"post","link":"https:\/\/diariodominicano.com\/?p=308764","title":{"rendered":"Preocupa a dominicanos NY advertencia de Puig sobre turismo RD"},"content":{"rendered":"\n<p><strong>Por Ram\u00f3n Mercedes<\/strong><\/p>\n\n\n\n<p><strong>NUEVA YORK.-<\/strong>&nbsp;Dominicanos residentes en esta ciudad manifestaron su preocupaci\u00f3n sobre la advertencia que hiciera en la conferencia COP26 en Glasgow-Escocia, el vicepresidente ejecutivo del Consejo Nacional para el Cambio Clim\u00e1tico y Mecanismo de Desarrollo Limpio (CNCCMDL), doctor Max Puig, sobre el \u201ccambio clim\u00e1tico\u201d.<\/p>\n\n\n\n<p>Mediante un documento, los quisqueyanos expresan que llama a mucha preocupaci\u00f3n \u201cque las costas de RD pueden verse devastadas por el cambio clim\u00e1tico y despojar la naci\u00f3n caribe\u00f1a del turismo, \u00abcolumna vertebral\u00bb de su econom\u00eda, como lo declarara Puig.<\/p>\n\n\n\n<p>Asimismo, que por su ubicaci\u00f3n en El Caribe y su condici\u00f3n insular est\u00e1 \u00abentre los pa\u00edses que m\u00e1s pueden ser perjudicados\u00bb, como expres\u00f3 el funcionario.<\/p>\n\n\n\n<p>Los dominicanos sostienen que las grandes naciones no est\u00e1n interesadas en resolver el grave problema sobre el \u201ccambio clim\u00e1tico\u201d, porque no est\u00e1n realmente aportando la ayuda financiera necesaria y a tiempo\u201d.<\/p>\n\n\n\n<p>Se requiere trabajo de infraestructura, es decir inversi\u00f3n\u00bb, y los pa\u00edses ricos cumplir la promesa hecha en 2009 en Copenhague y a\u00fan incumplida de aportar 100.000 millones de d\u00f3lares anuales a las naciones m\u00e1s desfavorecidas, como precisara el exministro de Medio Ambiente de 2004 a 2007 y de Trabajo de 2008 a 2011.<\/p>\n\n\n\n<p>Entre los firmantes figuran<\/p>\n","protected":false},"excerpt":{"rendered":"<p>Por Ram\u00f3n Mercedes NUEVA YORK.-&nbsp;Dominicanos residentes en esta ciudad manifestaron su preocupaci\u00f3n sobre la advertencia que hiciera en la conferencia COP26 en Glasgow-Escocia, el vicepresidente ejecutivo del Consejo Nacional para el Cambio Clim\u00e1tico y Mecanismo de Desarrollo Limpio (CNCCMDL), doctor Max Puig, sobre el \u201ccambio clim\u00e1tico\u201d. Mediante un documento, los quisqueyanos expresan que llama a [&hellip;]<\/p>\n","protected":false},"author":7,"featured_media":308776,"comment_status":"closed","ping_status":"","sticky":true,"template":"","format":"standard","meta":{"footnotes":""},"categories":[23,27],"tags":[],"class_list":["post-308764","post","type-post","status-publish","format-standard","has-post-thumbnail","hentry","category-internacional","category-portada"],"_links":{"self":[{"href":"https:\/\/diariodominicano.com\/index.php?rest_route=\/wp\/v2\/posts\/308764","targetHints":{"allow":["GET"]}}],"collection":[{"href":"https:\/\/diariodominicano.com\/index.php?rest_route=\/wp\/v2\/posts"}],"about":[{"href":"https:\/\/diariodominicano.com\/index.php?rest_route=\/wp\/v2\/types\/post"}],"author":[{"embeddable":true,"href":"https:\/\/diariodominicano.com\/index.php?rest_route=\/wp\/v2\/users\/7"}],"replies":[{"embeddable":true,"href":"https:\/\/diariodominicano.com\/index.php?rest_route=%2Fwp%2Fv2%2Fcomments&post=308764"}],"version-history":[{"count":1,"href":"https:\/\/diariodominicano.com\/index.php?rest_route=\/wp\/v2\/posts\/308764\/revisions"}],"predecessor-version":[{"id":308780,"href":"https:\/\/diariodominicano.com\/index.php?rest_route=\/wp\/v2\/posts\/308764\/revisions\/308780"}],"wp:featuredmedia":[{"embeddable":true,"href":"https:\/\/diariodominicano.com\/index.php?rest_route=\/wp\/v2\/media\/308776"}],"wp:attachment":[{"href":"https:\/\/diariodominicano.com\/index.php?rest_route=%2Fwp%2Fv2%2Fmedia&parent=308764"}],"wp:term":[{"taxonomy":"category","embeddable":true,"href":"https:\/\/diariodominicano.com\/index.php?rest_route=%2Fwp%2Fv2%2Fcategories&post=308764"},{"taxonomy":"post_tag","embeddable":true,"href":"https:\/\/diariodominicano.com\/index.php?rest_route=%2Fwp%2Fv2%2Ftags&post=308764"}],"curies":[{"name":"wp","href":"https:\/\/api.w.org\/{rel}","templated":true}]}}