{"id":308763,"date":"2021-11-17T08:26:33","date_gmt":"2021-11-17T12:26:33","guid":{"rendered":"http:\/\/diariodominicano.com\/?p=308763"},"modified":"2021-11-17T08:27:41","modified_gmt":"2021-11-17T12:27:41","slug":"llama-a-la-pepca-actuar-ante-desfalco-jce-y-fraude-electoral-en-exterior","status":"publish","type":"post","link":"https:\/\/diariodominicano.com\/?p=308763","title":{"rendered":"Llama a la PEPCA actuar ante desfalco JCE y fraude electoral en exterior"},"content":{"rendered":"\n<p><strong>Por Ram\u00f3n Mercedes<\/strong><\/p>\n\n\n\n<p><strong>NUEVA YORK.-<\/strong>&nbsp;Representantes de diversos sectores de la comunidad dominicana en esta ciudad asistieron a la puesta en circulaci\u00f3n del libro \u201cLa Cara Rota de la Di\u00e1spora\u201d, autor\u00eda del periodista y escritor Esteban Cabrera.<\/p>\n\n\n\n<p>Dicha obra recoge las investigaciones sobre el desfalco de varios millones de d\u00f3lares asignados a las elecciones del exterior del pasado 5 de julio, y del fraude electoral que se cometiera contra el doctor Yomare Polanco, postulado candidato a diputado por la circunscripci\u00f3n 1 en Estados Unidos.<\/p>\n\n\n\n<p>La JCE entreg\u00f3, bajo la ley de Libre Acceso a la Informaci\u00f3n, al peri\u00f3dico El Faro Latino, cuyo director general lo es Cabrera, informaciones sobre ambos casos.<\/p>\n\n\n\n<p>Cabrera dice que \u00abse ocultaron m\u00e1s de cuatro millones de d\u00f3lares y para nosotros que hicimos la investigaci\u00f3n, ese dinero est\u00e1 desfalcado, hasta que la JCE demuestre d\u00f3nde est\u00e1\u201d.<\/p>\n\n\n\n<p>\u00abHacemos un llamado a Wilson Camacho, titular de la Procuradur\u00eda Especializada de Persecuci\u00f3n de la Corrupci\u00f3n Administrativa (Pepca), a Miriam Germ\u00e1n, Procuradora General de la RD; y a Yeny Berenice, directora general de Persecuci\u00f3n del Ministerio P\u00fablico a actuar porque estamos hablando de un robo mayor y un proceso electoral vulnerado claramente\u00bb, precisa Cabrera.<\/p>\n\n\n\n<p>Pidi\u00f3 que \u00abno se etiquete el libro como pol\u00edtico porque no hay un p\u00e1rrafo que no responda a la verdad\u201d.<\/p>\n\n\n\n<figure class=\"wp-block-embed is-type-video is-provider-youtube wp-block-embed-youtube wp-embed-aspect-16-9 wp-has-aspect-ratio\"><div class=\"wp-block-embed__wrapper\">\n<iframe loading=\"lazy\" title=\"Llama a la PEPCA actuar ante desfalco JCE y fraude electoral en exterior.\" width=\"616\" height=\"347\" src=\"https:\/\/www.youtube.com\/embed\/ZZpS8TPAmRo?feature=oembed\" frameborder=\"0\" allow=\"accelerometer; autoplay; clipboard-write; encrypted-media; gyroscope; picture-in-picture; web-share\" referrerpolicy=\"strict-origin-when-cross-origin\" allowfullscreen><\/iframe>\n<\/div><\/figure>\n\n\n\n<p>El proceso tuvo varias fases como una auditor\u00eda forense, an\u00e1lisis, ampliaci\u00f3n de las indagatorias porque en los documentos que entreg\u00f3 la anterior JCE de 18,800 p\u00e1ginas, no estaban incluidos los actos delictivos de mayor contundencia\u00bb.<\/p>\n\n\n\n<p>Record\u00f3 que NY fue el epicentro de los desfalcos, donde comenz\u00f3 todo cuando el Bank of Am\u00e9rica cerr\u00f3 varias cuentas de la JCE porque en pocos d\u00edas sacaron m\u00e1s de 800 mil d\u00f3lares en efectivo con las tarjetas de d\u00e9bito de esas cuentas.<\/p>\n\n\n\n<p>\u201cAnte todas estas falencias decidimos hacer el pedido, para que, a ninguno de ustedes, sus hijos y nietos en el exterior se les olviden cosas como estas, porque no podemos tolerarlas\u201d, expres\u00f3 Cabrera.<\/p>\n\n\n\n<p>El libro de consultas consta de 218 p\u00e1ginas donde se citan funcionarios y autoridades de la JCE, vinculadas a los gastos del montaje de las pasadas elecciones.<\/p>\n\n\n\n<p>Hablaron en el acto el doctor Rafael Torres Madera, quien hizo el pr\u00f3logo oral del libro con una cronolog\u00eda que resumi\u00f3 el contenido de las denuncias de los desfalcos y el fraude electoral.<\/p>\n\n\n\n<p>El ingeniero Oscar P\u00e9rez, se refiri\u00f3 al impacto de desconfianza y cuestionamientos en la di\u00e1spora a la transparencia de las elecciones de 2020 y futuros comicios en ultramar sino se restituye el derecho constitucional de elegir y ser electo de los dominicanos que sufragaron para escoger a Polanco como diputado.<\/p>\n\n\n\n<p>Adem\u00e1s, la activista Lilian Soriano Banner, presidente del \u201cProyecto Renacer\u201d. Al evento, celebrado en el Comisionado Dominicano de Cultura (CODOCUL), asistieron profesionales, empresarios, activistas comunitarios, periodistas, representantes de clubes y ciudadanos comunes, entre otros.<\/p>\n\n\n\n<p>El mismo fue bendecido por el Reverendo, Mayor General de la Polic\u00eda Voluntaria Internacional Luis Paniagua; como maestra de ceremonia sirvi\u00f3 la periodista Jenny G\u00f3mez, Secretaria General del Colegio de Periodistas filial New York, y a partir del pr\u00f3ximo lunes el libro estar\u00e1 a la venta oficialmente en todas las plataformas digitales y en su versi\u00f3n impresa.<\/p>\n","protected":false},"excerpt":{"rendered":"<p>Por Ram\u00f3n Mercedes NUEVA YORK.-&nbsp;Representantes de diversos sectores de la comunidad dominicana en esta ciudad asistieron a la puesta en circulaci\u00f3n del libro \u201cLa Cara Rota de la Di\u00e1spora\u201d, autor\u00eda del periodista y escritor Esteban Cabrera. Dicha obra recoge las investigaciones sobre el desfalco de varios millones de d\u00f3lares asignados a las elecciones del exterior [&hellip;]<\/p>\n","protected":false},"author":7,"featured_media":308773,"comment_status":"closed","ping_status":"","sticky":true,"template":"","format":"standard","meta":{"footnotes":""},"categories":[23,27],"tags":[],"class_list":["post-308763","post","type-post","status-publish","format-standard","has-post-thumbnail","hentry","category-internacional","category-portada"],"_links":{"self":[{"href":"https:\/\/diariodominicano.com\/index.php?rest_route=\/wp\/v2\/posts\/308763","targetHints":{"allow":["GET"]}}],"collection":[{"href":"https:\/\/diariodominicano.com\/index.php?rest_route=\/wp\/v2\/posts"}],"about":[{"href":"https:\/\/diariodominicano.com\/index.php?rest_route=\/wp\/v2\/types\/post"}],"author":[{"embeddable":true,"href":"https:\/\/diariodominicano.com\/index.php?rest_route=\/wp\/v2\/users\/7"}],"replies":[{"embeddable":true,"href":"https:\/\/diariodominicano.com\/index.php?rest_route=%2Fwp%2Fv2%2Fcomments&post=308763"}],"version-history":[{"count":2,"href":"https:\/\/diariodominicano.com\/index.php?rest_route=\/wp\/v2\/posts\/308763\/revisions"}],"predecessor-version":[{"id":308779,"href":"https:\/\/diariodominicano.com\/index.php?rest_route=\/wp\/v2\/posts\/308763\/revisions\/308779"}],"wp:featuredmedia":[{"embeddable":true,"href":"https:\/\/diariodominicano.com\/index.php?rest_route=\/wp\/v2\/media\/308773"}],"wp:attachment":[{"href":"https:\/\/diariodominicano.com\/index.php?rest_route=%2Fwp%2Fv2%2Fmedia&parent=308763"}],"wp:term":[{"taxonomy":"category","embeddable":true,"href":"https:\/\/diariodominicano.com\/index.php?rest_route=%2Fwp%2Fv2%2Fcategories&post=308763"},{"taxonomy":"post_tag","embeddable":true,"href":"https:\/\/diariodominicano.com\/index.php?rest_route=%2Fwp%2Fv2%2Ftags&post=308763"}],"curies":[{"name":"wp","href":"https:\/\/api.w.org\/{rel}","templated":true}]}}