{"id":308761,"date":"2021-11-17T08:28:19","date_gmt":"2021-11-17T12:28:19","guid":{"rendered":"http:\/\/diariodominicano.com\/?p=308761"},"modified":"2021-11-17T08:28:19","modified_gmt":"2021-11-17T12:28:19","slug":"ministros-hispanos-ny-viajaran-a-rd-en-ayuda-social-y-humanitaria-a-bavaro","status":"publish","type":"post","link":"https:\/\/diariodominicano.com\/?p=308761","title":{"rendered":"Ministros Hispanos NY viajar\u00e1n a RD en ayuda social y humanitaria a B\u00e1varo"},"content":{"rendered":"\n<p><strong>Por Ram\u00f3n Mercedes<\/strong><\/p>\n\n\n\n<p><strong>NUEVA YORK.-<\/strong>&nbsp;Una delegaci\u00f3n de m\u00e1s de 20 miembros de la Organizaci\u00f3n de Ministros Hispanos de Nueva York, que preside el reverendo y concejal por El Bronx, Rub\u00e9n D\u00edaz, viajar\u00e1 a la RD del 29 de este mes al 6 de diciembre para prestar ayuda social y humanitaria en el poblado de B\u00e1varo, ubicado en el Este del pa\u00eds caribe\u00f1o.<\/p>\n\n\n\n<p>El reverendo D\u00edaz, que a trav\u00e9s de d\u00e9cadas ha venido prestando valiosas ayudas al pueblo dominicano y la comunidad quisqueyana en la Gran Manzana, expres\u00f3 que la Organizaci\u00f3n de Ministros ir\u00e1 a dicha comarca en apoyo a la construcci\u00f3n del \u201caeropuerto B\u00e1varo\u201d.<\/p>\n\n\n\n<p>Son invitados por el director de \u201cAsuntos Comunitarios\u201d del mismo, V\u00edctor Dum\u00e9, la vocera del \u201cComit\u00e9 de Altagracianos USA\u201d en apoyo a la construcci\u00f3n del aeropuerto\u201d y presidente de la \u201cC\u00e1mara de Comercio de Dominicanos USA\u201d, Elida Almonte.&nbsp;&nbsp;<\/p>\n\n\n\n<p>Tendremos una semana de ayuda social y humanitaria en la zona junto a pastores y ministros de La Ceiba en la provincia La Altagracia, para llevar ayuda social y humanitaria entre los residentes de la regi\u00f3n, indic\u00f3 D\u00edaz.<\/p>\n\n\n\n<p>Durante su estad\u00eda en la regi\u00f3n efectuar\u00e1n operativos m\u00e9dicos en la escuela \u201cLa Ceiba\u201d en B\u00e1varo, a cargo del doctor Cruz Jimini\u00e1n, las Fundaciones \u00d3ptica Oviedo y Ramon \u00c1lvarez.<\/p>\n\n\n\n<p>Una cl\u00ednica de pelota para 300 j\u00f3venes que se llevar\u00e1 a cabo en el \u201cEstadio de la Otra Banda\u201d en Hig\u00fcey, y ser\u00e1 conducido por Rafael Landestoy, director de los Mets de NY en RD, adem\u00e1s, Mario Melvin Soto y Leo Hern\u00e1ndez.<\/p>\n\n\n\n<p>El reverendo y oficial electo de NYC, especific\u00f3 que el viaje es de suma importancia para la \u201cOrganizaci\u00f3n de Ministros\u201d porque establecer\u00e1n una relaci\u00f3n estrecha, amigable y ministerial con los dem\u00e1s pastores y ministros de la zona, y as\u00ed continuar planificando y conduciendo obras humanitarias y sociales en el futuro.<\/p>\n\n\n\n<p>La Organizaci\u00f3n de Ministros Hispanos de NY, con miles de integrantes, fue creada en el 1988 con el prop\u00f3sito de defender aquellos valores b\u00edblicos, tradicionales, familiares y morales que la biblia nos ense\u00f1a, precis\u00f3 el reverendo D\u00edaz.<\/p>\n","protected":false},"excerpt":{"rendered":"<p>Por Ram\u00f3n Mercedes NUEVA YORK.-&nbsp;Una delegaci\u00f3n de m\u00e1s de 20 miembros de la Organizaci\u00f3n de Ministros Hispanos de Nueva York, que preside el reverendo y concejal por El Bronx, Rub\u00e9n D\u00edaz, viajar\u00e1 a la RD del 29 de este mes al 6 de diciembre para prestar ayuda social y humanitaria en el poblado de B\u00e1varo, [&hellip;]<\/p>\n","protected":false},"author":7,"featured_media":308775,"comment_status":"closed","ping_status":"","sticky":true,"template":"","format":"standard","meta":{"footnotes":""},"categories":[23,27],"tags":[],"class_list":["post-308761","post","type-post","status-publish","format-standard","has-post-thumbnail","hentry","category-internacional","category-portada"],"_links":{"self":[{"href":"https:\/\/diariodominicano.com\/index.php?rest_route=\/wp\/v2\/posts\/308761","targetHints":{"allow":["GET"]}}],"collection":[{"href":"https:\/\/diariodominicano.com\/index.php?rest_route=\/wp\/v2\/posts"}],"about":[{"href":"https:\/\/diariodominicano.com\/index.php?rest_route=\/wp\/v2\/types\/post"}],"author":[{"embeddable":true,"href":"https:\/\/diariodominicano.com\/index.php?rest_route=\/wp\/v2\/users\/7"}],"replies":[{"embeddable":true,"href":"https:\/\/diariodominicano.com\/index.php?rest_route=%2Fwp%2Fv2%2Fcomments&post=308761"}],"version-history":[{"count":1,"href":"https:\/\/diariodominicano.com\/index.php?rest_route=\/wp\/v2\/posts\/308761\/revisions"}],"predecessor-version":[{"id":308781,"href":"https:\/\/diariodominicano.com\/index.php?rest_route=\/wp\/v2\/posts\/308761\/revisions\/308781"}],"wp:featuredmedia":[{"embeddable":true,"href":"https:\/\/diariodominicano.com\/index.php?rest_route=\/wp\/v2\/media\/308775"}],"wp:attachment":[{"href":"https:\/\/diariodominicano.com\/index.php?rest_route=%2Fwp%2Fv2%2Fmedia&parent=308761"}],"wp:term":[{"taxonomy":"category","embeddable":true,"href":"https:\/\/diariodominicano.com\/index.php?rest_route=%2Fwp%2Fv2%2Fcategories&post=308761"},{"taxonomy":"post_tag","embeddable":true,"href":"https:\/\/diariodominicano.com\/index.php?rest_route=%2Fwp%2Fv2%2Ftags&post=308761"}],"curies":[{"name":"wp","href":"https:\/\/api.w.org\/{rel}","templated":true}]}}