{"id":308752,"date":"2021-11-16T23:12:40","date_gmt":"2021-11-17T03:12:40","guid":{"rendered":"http:\/\/diariodominicano.com\/?p=308752"},"modified":"2021-11-16T23:12:40","modified_gmt":"2021-11-17T03:12:40","slug":"ministerio-de-defensa-conmemora-91-aniversario-fundacion-junta-de-retiro-y-fondo-de-pensiones-ff-aa","status":"publish","type":"post","link":"https:\/\/diariodominicano.com\/?p=308752","title":{"rendered":"Ministerio de Defensa conmemora 91 Aniversario fundaci\u00f3n Junta de Retiro y Fondo de Pensiones FF.AA."},"content":{"rendered":"\n<p>diariodominicano.com<\/p>\n\n\n\n<p>Santo Domingo, R. D.,  16 de noviembre, 2021.- El Ministerio de Defensa (MIDE) inici\u00f3 este martes una misa, los actos conmemorativos del 91 Aniversario de la fundaci\u00f3n de la Junta de Retiro y Fondo de Pensiones de las Fuerzas Armadas\u00a0(JRFPFFAA), instituci\u00f3n que vela por el bienestar y la seguridad social de los militares retirados.<\/p>\n\n\n\n<p>La homil\u00eda realizada en la Iglesia de la Parroquia Nuestra Se\u00f1ora de la Altagracia del Ministerio de Defensa (MIDE), fue oficiada por el Capell\u00e1n Castrense, Coronel Geraldo Isaac Ram\u00edrez Paniagua, ERD.,&nbsp;y cont\u00f3 con la presencia de los Ministros de Defensa y de Interior y Polic\u00eda, Teniente General Carlos Luciano D\u00edaz Morfa, ERD., y Jes\u00fas V\u00e1squez Mart\u00ednez, respectivamente.<\/p>\n\n\n\n<p>Luego de la misa, el Presidente de la Junta de Retiro y Fondo de Pensiones de las FF.AA., Mayor General Carlos Antonio Fern\u00e1ndez Onofre, ERD.,&nbsp;ofreci\u00f3 un agasajo-almuerzo a los presentes, en el cual fue entregado un reconocimiento especial&nbsp;al Ministro de Defensa D\u00edaz Morfa, por su firme y decidido apoyo al fortalecimiento institucional de la&nbsp;JRFPFFAA; as\u00ed como al Mayor General (r) Andr\u00e9s Apolinar Disla, ERD., en agradecimiento al aporte realizado en la creaci\u00f3n de la estructura funcional con la que cuenta hoy, la instituci\u00f3n.<\/p>\n\n\n\n<p>En el acto, el Mayor General Carlos Antonio Fern\u00e1ndez Onofre, ERD., destac\u00f3 \u201cel esfuerzo de los cuarenta (40) presidentes que ha tenido la Junta desde su fundaci\u00f3n, y su preocupaci\u00f3n por forjar una instituci\u00f3n que ha crecido adaptada a los nuevos tiempos, m\u00e1s profesional, tecnificada y con un personal muy capacitado en las diferentes \u00e1reas que la componen\u201d.<\/p>\n\n\n\n<div class=\"wp-block-image\"><figure class=\"alignright size-large is-resized\"><img loading=\"lazy\" decoding=\"async\" src=\"https:\/\/diariodominicano.com\/wp-content\/uploads\/2021\/11\/mide16-11-21-Diaz-1024x683.jpg\" alt=\"\" class=\"wp-image-308754\" width=\"373\" height=\"248\" srcset=\"https:\/\/diariodominicano.com\/wp-content\/uploads\/2021\/11\/mide16-11-21-Diaz-1024x683.jpg 1024w, https:\/\/diariodominicano.com\/wp-content\/uploads\/2021\/11\/mide16-11-21-Diaz-300x200.jpg 300w, https:\/\/diariodominicano.com\/wp-content\/uploads\/2021\/11\/mide16-11-21-Diaz-768x512.jpg 768w, https:\/\/diariodominicano.com\/wp-content\/uploads\/2021\/11\/mide16-11-21-Diaz-1536x1024.jpg 1536w, https:\/\/diariodominicano.com\/wp-content\/uploads\/2021\/11\/mide16-11-21-Diaz-2048x1365.jpg 2048w, https:\/\/diariodominicano.com\/wp-content\/uploads\/2021\/11\/mide16-11-21-Diaz-816x544.jpg 816w\" sizes=\"auto, (max-width: 373px) 100vw, 373px\" \/><\/figure><\/div>\n\n\n\n<p>De manera especial, Fern\u00e1ndez Onofre agradeci\u00f3 al Ministro de Defensa, en nombre de todos los miembros de la Junta de Retiro, incluyendo a los retirados y pensionados por el inter\u00e9s, empe\u00f1o y dedicaci\u00f3n prestada para mejorar las condiciones de vida de los soldados activos y pasivos, y sus familias.<\/p>\n\n\n\n<p>En ambas actividades, el Ministro de Defensa D\u00edaz Morfa, estuvo acompa\u00f1ado de su se\u00f1ora esposa, Do\u00f1a Wendy Santos de D\u00edaz, Presidenta de la Asociaci\u00f3n de Esposas de Oficiales de las FF.AA. (ADEOFA), los Oficiales del Estado Mayor General y directores generales de las diferentes dependencias del MIDE, incluyendo los incumbentes de los Cuerpos Especializados de Seguridad y pasados directores de la Junta.<\/p>\n\n\n\n<p>Fuente:  <strong><em>Departamento de Prensa<\/em><\/strong><\/p>\n\n\n\n<p><em><strong>Direcci\u00f3n de Asuntos Civiles del Estado Mayor Conjunto, J5<\/strong><\/em><\/p>\n\n\n\n<p><em><strong>Ministerio de Defensa de Rep\u00fablica Dominicana<\/strong><\/em><\/p>\n","protected":false},"excerpt":{"rendered":"<p>diariodominicano.com Santo Domingo, R. D., 16 de noviembre, 2021.- El Ministerio de Defensa (MIDE) inici\u00f3 este martes una misa, los actos conmemorativos del 91 Aniversario de la fundaci\u00f3n de la Junta de Retiro y Fondo de Pensiones de las Fuerzas Armadas\u00a0(JRFPFFAA), instituci\u00f3n que vela por el bienestar y la seguridad social de los militares retirados. [&hellip;]<\/p>\n","protected":false},"author":5,"featured_media":308753,"comment_status":"closed","ping_status":"","sticky":true,"template":"","format":"standard","meta":{"footnotes":""},"categories":[20,27],"tags":[],"class_list":["post-308752","post","type-post","status-publish","format-standard","has-post-thumbnail","hentry","category-dominicana-hoy","category-portada"],"_links":{"self":[{"href":"https:\/\/diariodominicano.com\/index.php?rest_route=\/wp\/v2\/posts\/308752","targetHints":{"allow":["GET"]}}],"collection":[{"href":"https:\/\/diariodominicano.com\/index.php?rest_route=\/wp\/v2\/posts"}],"about":[{"href":"https:\/\/diariodominicano.com\/index.php?rest_route=\/wp\/v2\/types\/post"}],"author":[{"embeddable":true,"href":"https:\/\/diariodominicano.com\/index.php?rest_route=\/wp\/v2\/users\/5"}],"replies":[{"embeddable":true,"href":"https:\/\/diariodominicano.com\/index.php?rest_route=%2Fwp%2Fv2%2Fcomments&post=308752"}],"version-history":[{"count":1,"href":"https:\/\/diariodominicano.com\/index.php?rest_route=\/wp\/v2\/posts\/308752\/revisions"}],"predecessor-version":[{"id":308755,"href":"https:\/\/diariodominicano.com\/index.php?rest_route=\/wp\/v2\/posts\/308752\/revisions\/308755"}],"wp:featuredmedia":[{"embeddable":true,"href":"https:\/\/diariodominicano.com\/index.php?rest_route=\/wp\/v2\/media\/308753"}],"wp:attachment":[{"href":"https:\/\/diariodominicano.com\/index.php?rest_route=%2Fwp%2Fv2%2Fmedia&parent=308752"}],"wp:term":[{"taxonomy":"category","embeddable":true,"href":"https:\/\/diariodominicano.com\/index.php?rest_route=%2Fwp%2Fv2%2Fcategories&post=308752"},{"taxonomy":"post_tag","embeddable":true,"href":"https:\/\/diariodominicano.com\/index.php?rest_route=%2Fwp%2Fv2%2Ftags&post=308752"}],"curies":[{"name":"wp","href":"https:\/\/api.w.org\/{rel}","templated":true}]}}