{"id":308724,"date":"2021-11-16T22:06:58","date_gmt":"2021-11-17T02:06:58","guid":{"rendered":"http:\/\/diariodominicano.com\/?p=308724"},"modified":"2021-11-16T22:06:58","modified_gmt":"2021-11-17T02:06:58","slug":"aprueban-retorno-obligatorio-a-clases-presenciales-en-ecuador-tras-20-meses-de-pandemia","status":"publish","type":"post","link":"https:\/\/diariodominicano.com\/?p=308724","title":{"rendered":"Aprueban retorno obligatorio a clases presenciales en Ecuador tras 20 meses de pandemia"},"content":{"rendered":"\n<p>diariodominicano.com<a rel=\"noreferrer noopener\" href=\"https:\/\/www.xinhua-news.com\/gdsdetailxhs\/share\/10614105-?pageflag=iframe\" target=\"_blank\"><\/a><\/p>\n\n\n\n<pre id=\"text-news-description\" class=\"wp-block-preformatted\">   QUITO, 16 nov (Xinhua) -- El Comit\u00e9 Nacional de Operaciones de Emergencia (COE) de Ecuador aprob\u00f3 hoy martes el retorno obligatorio y progresivo a clases presenciales a partir del 22 de noviembre, tras 20 meses de pandemia del nuevo coronavirus en el pa\u00eds.\n   El presidente del COE, Juan Zapata, hizo el anuncio en una rueda de prensa conjunta con las ministras de Educaci\u00f3n, Mar\u00eda Brown, y de Salud, Ximena Garz\u00f3n.\n   Zapata dijo que el COE aprob\u00f3 por unanimidad un cronograma presentado por el Ministerio de Educaci\u00f3n que establece un retorno obligatorio por niveles a partir del 22 de noviembre para estudiantes de bachilleratos t\u00e9cnicos y en zonas rurales.\n   El retorno continuar\u00e1 el 6 y 7 de diciembre para estudiantes de bachillerato y Educaci\u00f3n General B\u00e1sica, y terminar\u00e1 el 17 de enero de 2022 con el retorno de los alumnos de B\u00e1sica Inicial.\n   De esta manera, se completar\u00e1 el regreso a las aulas de un total de 4,3 millones de estudiantes que existen en el sistema educativo del pa\u00eds.\n   \"Hemos analizado todos los antecedentes, sobre todo, en el seguimiento epidemiol\u00f3gico en el funcionamiento de los protocolos (de bioseguridad) y creemos que hemos tomado una decisi\u00f3n absolutamente t\u00e9cnica\", dijo Zapata.\n   Agreg\u00f3 que el pa\u00eds est\u00e1 en condiciones de volver a las clases presenciales gracias al avance del Plan Nacional de Vacunaci\u00f3n contra la COVID-19 entre la poblaci\u00f3n.\n   Ecuador inici\u00f3 el pasado 7 de junio el retorno progresivo y voluntario a las clases presenciales con planes piloto y protocolos de bioseguridad, despu\u00e9s de 15 meses de pandemia en los que se implementaron las clases de manera virtual.\n   Esta modalidad todav\u00eda se mantiene en algunas instituciones educativas, mientras avanza la vacunaci\u00f3n en ni\u00f1os de entre cinco y 11 a\u00f1os, y en adolescentes entre 12 y 15 a\u00f1os.\n   La ministra de Educaci\u00f3n inform\u00f3 que desde junio pasado han retornado paulatinamente a la presencialidad el 54 por ciento de las instituciones educativas del pa\u00eds, que equivalen a 8.854 con un total de 770.582 alumnos.\n   Apunt\u00f3 que desde entonces apenas se han reportado 33 casos de contagio de COVID-19 en distintos entornos y no se han generado brotes en los espacios educativos.\n   Detall\u00f3 que hasta el 14 de noviembre se ha inoculado con la primera dosis de la vacuna al 77,01 por ciento de adolescentes de 12 a 17 a\u00f1os y al 43,37 por ciento de ni\u00f1os de cinco a 11 a\u00f1os.\n   \"El retorno a la presencialidad estar\u00e1 supeditado a que cada cant\u00f3n alcance al menos el 85 por ciento de la poblaci\u00f3n vacunada\" en estos rangos de edad, apunt\u00f3.\n   Tambi\u00e9n ser\u00e1 determinante para definir el regreso a clases presenciales el estado de la infraestructura escolar.\n   Por su parte, Garz\u00f3n indic\u00f3 que poco a poco el pa\u00eds se va acercando a cumplir su meta de vacunar al 85 por ciento de la poblaci\u00f3n, unos 15 millones de personas, para alcanzar hasta fines de a\u00f1o la inmunidad colectiva.\n   \"Uno de los objetivos del plan de vacunaci\u00f3n es la reactivaci\u00f3n econ\u00f3mica y social de nuestro pa\u00eds y consideramos que el retorno a clases es un pilar fundamental para esto\", se\u00f1al\u00f3.\n   Anunci\u00f3 que se realizar\u00e1n mingas (reuniones) de vacunaci\u00f3n para alcanzar una mayor cobertura, sobre todo, en la poblaci\u00f3n de 18 a 24 a\u00f1os que es la que menos se ha inmunizado.\n   Hasta el 14 de noviembre, Ecuador ha inoculado a 10.551.141 personas con el esquema completo de las dos dosis de la vacuna, lo que equivale al 65,55 por ciento de la poblaci\u00f3n, seg\u00fan el \u00faltimo reporte oficial.<\/pre>\n","protected":false},"excerpt":{"rendered":"<p>diariodominicano.com QUITO, 16 nov (Xinhua) &#8212; El Comit\u00e9 Nacional de Operaciones de Emergencia (COE) de Ecuador aprob\u00f3 hoy martes el retorno obligatorio y progresivo a clases presenciales a partir del 22 de noviembre, tras 20 meses de pandemia del nuevo coronavirus en el pa\u00eds. El presidente del COE, Juan Zapata, hizo el anuncio en una [&hellip;]<\/p>\n","protected":false},"author":5,"featured_media":308731,"comment_status":"closed","ping_status":"","sticky":true,"template":"","format":"standard","meta":{"footnotes":""},"categories":[23,27],"tags":[],"class_list":["post-308724","post","type-post","status-publish","format-standard","has-post-thumbnail","hentry","category-internacional","category-portada"],"_links":{"self":[{"href":"https:\/\/diariodominicano.com\/index.php?rest_route=\/wp\/v2\/posts\/308724","targetHints":{"allow":["GET"]}}],"collection":[{"href":"https:\/\/diariodominicano.com\/index.php?rest_route=\/wp\/v2\/posts"}],"about":[{"href":"https:\/\/diariodominicano.com\/index.php?rest_route=\/wp\/v2\/types\/post"}],"author":[{"embeddable":true,"href":"https:\/\/diariodominicano.com\/index.php?rest_route=\/wp\/v2\/users\/5"}],"replies":[{"embeddable":true,"href":"https:\/\/diariodominicano.com\/index.php?rest_route=%2Fwp%2Fv2%2Fcomments&post=308724"}],"version-history":[{"count":1,"href":"https:\/\/diariodominicano.com\/index.php?rest_route=\/wp\/v2\/posts\/308724\/revisions"}],"predecessor-version":[{"id":308732,"href":"https:\/\/diariodominicano.com\/index.php?rest_route=\/wp\/v2\/posts\/308724\/revisions\/308732"}],"wp:featuredmedia":[{"embeddable":true,"href":"https:\/\/diariodominicano.com\/index.php?rest_route=\/wp\/v2\/media\/308731"}],"wp:attachment":[{"href":"https:\/\/diariodominicano.com\/index.php?rest_route=%2Fwp%2Fv2%2Fmedia&parent=308724"}],"wp:term":[{"taxonomy":"category","embeddable":true,"href":"https:\/\/diariodominicano.com\/index.php?rest_route=%2Fwp%2Fv2%2Fcategories&post=308724"},{"taxonomy":"post_tag","embeddable":true,"href":"https:\/\/diariodominicano.com\/index.php?rest_route=%2Fwp%2Fv2%2Ftags&post=308724"}],"curies":[{"name":"wp","href":"https:\/\/api.w.org\/{rel}","templated":true}]}}