{"id":308717,"date":"2021-11-16T21:54:08","date_gmt":"2021-11-17T01:54:08","guid":{"rendered":"http:\/\/diariodominicano.com\/?p=308717"},"modified":"2021-11-16T21:54:08","modified_gmt":"2021-11-17T01:54:08","slug":"intrant-procura-soluciones-transporte-de-taxi-con-la-participacion-del-sector","status":"publish","type":"post","link":"https:\/\/diariodominicano.com\/?p=308717","title":{"rendered":"Intrant procura soluciones transporte de taxi con la participaci\u00f3n del sector"},"content":{"rendered":"\n<p>diariodominicano.com<\/p>\n\n\n\n<p><strong>Santo Domingo, R. D., 16 de noviembre, 2021.-\u00a0<\/strong>Para dar continuidad a las acciones que viene ejecutando el INTRANT en procura de regular el servicio del transporte de taxis, su director ejecutivo, Rafael Arias, sostuvo este martes un encuentro con representantes del sector.<\/p>\n\n\n\n<p>En esta ocasi\u00f3n, el encuentro fue con el presidente de la Confederaci\u00f3n Dominicana de Taxistas Tur\u00edsticos (Codotatur), Santiago Zamora, y el presidente Nacional de la Asociaci\u00f3n Dominicana de Conductores por Aplicaciones (ADOCAPPS), Odalis Vega. Arias comparti\u00f3 con ambos las acciones que est\u00e1 desarrollando el INTRANT en procura de la operatividad y calidad del servicio conforme a lo que establece la Ley 63-17.<\/p>\n\n\n\n<p>Durante la reuni\u00f3n encabezada por Arias, se acord\u00f3 trabajar por un servicio de transporte eficiente, legal y seguro, reafirmando la apertura del Gobierno a todas las plataformas que busquen mejorar los sistemas de transporte y que procuren elevar la calidad de vida de los ciudadanos, siempre con apego a la Ley.<\/p>\n\n\n\n<p>En ese sentido, el titular del INTRANT apunta al consenso de todas las partes vinculadas al servicio de transporte de taxis, en todas sus denominaciones.<\/p>\n\n\n\n<p>Se recuerda que el INTRANT, en cumplimiento del decreto 515-21 sobre el Reglamento de Transporte en Taxi y de la Ley 63-17, trabaja en la elaboraci\u00f3n de la normativa que en lo adelante regular\u00e1 las operaciones de ese servicio en la Rep\u00fablica Dominicana.<\/p>\n\n\n\n<p>Los acercamientos entre el INTRANT y los actores vinculados a las diferentes modalidades del servicio de taxis tienen como finalidad, adem\u00e1s, concienciar a las partes sobre los aspectos legales y de seguridad vial que deben considerarse para la adecuada prestaci\u00f3n del mismo.<\/p>\n\n\n\n<p>Fuente: Direcci\u00f3n de Estrategia y Comunicaci\u00f3n Gubernamental<\/p>\n\n\n\n<p>Ministerio Administrativo de la Presidencia de la Rep\u00fablica Dominicana<\/p>\n","protected":false},"excerpt":{"rendered":"<p>diariodominicano.com Santo Domingo, R. D., 16 de noviembre, 2021.-\u00a0Para dar continuidad a las acciones que viene ejecutando el INTRANT en procura de regular el servicio del transporte de taxis, su director ejecutivo, Rafael Arias, sostuvo este martes un encuentro con representantes del sector. En esta ocasi\u00f3n, el encuentro fue con el presidente de la Confederaci\u00f3n [&hellip;]<\/p>\n","protected":false},"author":5,"featured_media":308720,"comment_status":"closed","ping_status":"","sticky":true,"template":"","format":"standard","meta":{"footnotes":""},"categories":[20,27],"tags":[],"class_list":["post-308717","post","type-post","status-publish","format-standard","has-post-thumbnail","hentry","category-dominicana-hoy","category-portada"],"_links":{"self":[{"href":"https:\/\/diariodominicano.com\/index.php?rest_route=\/wp\/v2\/posts\/308717","targetHints":{"allow":["GET"]}}],"collection":[{"href":"https:\/\/diariodominicano.com\/index.php?rest_route=\/wp\/v2\/posts"}],"about":[{"href":"https:\/\/diariodominicano.com\/index.php?rest_route=\/wp\/v2\/types\/post"}],"author":[{"embeddable":true,"href":"https:\/\/diariodominicano.com\/index.php?rest_route=\/wp\/v2\/users\/5"}],"replies":[{"embeddable":true,"href":"https:\/\/diariodominicano.com\/index.php?rest_route=%2Fwp%2Fv2%2Fcomments&post=308717"}],"version-history":[{"count":1,"href":"https:\/\/diariodominicano.com\/index.php?rest_route=\/wp\/v2\/posts\/308717\/revisions"}],"predecessor-version":[{"id":308723,"href":"https:\/\/diariodominicano.com\/index.php?rest_route=\/wp\/v2\/posts\/308717\/revisions\/308723"}],"wp:featuredmedia":[{"embeddable":true,"href":"https:\/\/diariodominicano.com\/index.php?rest_route=\/wp\/v2\/media\/308720"}],"wp:attachment":[{"href":"https:\/\/diariodominicano.com\/index.php?rest_route=%2Fwp%2Fv2%2Fmedia&parent=308717"}],"wp:term":[{"taxonomy":"category","embeddable":true,"href":"https:\/\/diariodominicano.com\/index.php?rest_route=%2Fwp%2Fv2%2Fcategories&post=308717"},{"taxonomy":"post_tag","embeddable":true,"href":"https:\/\/diariodominicano.com\/index.php?rest_route=%2Fwp%2Fv2%2Ftags&post=308717"}],"curies":[{"name":"wp","href":"https:\/\/api.w.org\/{rel}","templated":true}]}}