{"id":308699,"date":"2021-11-16T21:25:25","date_gmt":"2021-11-17T01:25:25","guid":{"rendered":"http:\/\/diariodominicano.com\/?p=308699"},"modified":"2021-11-16T21:33:10","modified_gmt":"2021-11-17T01:33:10","slug":"embajada-de-los-ee-uu-y-el-instituto-cultural-dominico-americano-invitan-a-conferencia-virtual-con-motivo-del-75-aniversario-programa-de-becas-fulbright","status":"publish","type":"post","link":"https:\/\/diariodominicano.com\/?p=308699","title":{"rendered":"Embajada de los EE. UU. y el Instituto Cultural Dom\u00ednico-Americano invitan a conferencia virtual con motivo del 75 aniversario programa de becas Fulbright"},"content":{"rendered":"\n<p>diariodominicano.com<\/p>\n\n\n\n<p><em>La conferencia ser\u00e1 transmitida los d\u00edas mi\u00e9rcoles 17 y jueves 18 de noviembre a partir de las 9:00 a.m. a trav\u00e9s del canal de YouTube de la Embajada de los Estados Unidos<\/em><\/p>\n\n\n\n<p><strong>Santo Domingo, R. D., 16 de noviembre, 2021.-&nbsp;<\/strong>La Embajada de los Estados Unidos y el Instituto Cultural Dom\u00ednico-Americano celebrar\u00e1n&nbsp;este mi\u00e9rcoles 17 y jueves 18 de noviembre, la conferencia virtual 75 A\u00f1os de Impacto, con motivo del 75 aniversario del Programa Fulbright para becas de maestr\u00edas y doctorados.&nbsp;<\/p>\n\n\n\n<p>El evento contar\u00e1 con la participaci\u00f3n de exbecarios Fulbright de la Rep\u00fablica Dominicana y resaltar\u00e1 su impacto en temas claves para el avance de la democracia, incluyendo educaci\u00f3n, salud p\u00fablica, seguridad, prosperidad econ\u00f3mica y la gobernanza en sus comunidades. La conferencia ser\u00e1 transmitida ambos d\u00edas a partir de las 9:00 a.m. a trav\u00e9s del canal de YouTube de la Embajada de los Estados Unidos,&nbsp;<a href=\"https:\/\/e.america.gov\/t\/i-l-ctkurtt-jtiiilkjir-j\/\" target=\"_blank\" rel=\"noreferrer noopener\">@EmbajadaUSAenRD<\/a>.&nbsp;<\/p>\n\n\n\n<p>La actividad estar\u00e1 dividida en los siguientes bloques dedicados a profundizar sobre temas prioritarios para el desarrollo democr\u00e1tico del pa\u00eds: El acceso a la educaci\u00f3n como la base de la democracia, Promoviendo la equidad y valores democr\u00e1ticos en la salud p\u00fablica, Asegurando nuestro futuro: Protegiendo las necesidades b\u00e1sicas para los ciudadanos, Fomentando el desarrollo econ\u00f3mico de una naci\u00f3n y Avanzando la democracia a trav\u00e9s del lente.&nbsp;<\/p>\n\n\n\n<p>Las instituciones organizadoras invitan a la audiencia a compartir sus impresiones y comentarios en las redes sociales usando la etiqueta&nbsp;<a rel=\"noreferrer noopener\" href=\"https:\/\/e.america.gov\/t\/i-l-ctkurtt-jtiiilkjir-t\/\" target=\"_blank\">#Fulbright75<\/a>&nbsp;y de esa forma&nbsp; participar de la actividad que promover\u00e1 el impacto del programa en las relaciones bilaterales.&nbsp;<\/p>\n\n\n\n<p>Fuente:  Embajada de los Estados Unidos<br>Santo Domingo<\/p>\n","protected":false},"excerpt":{"rendered":"<p>diariodominicano.com La conferencia ser\u00e1 transmitida los d\u00edas mi\u00e9rcoles 17 y jueves 18 de noviembre a partir de las 9:00 a.m. a trav\u00e9s del canal de YouTube de la Embajada de los Estados Unidos Santo Domingo, R. D., 16 de noviembre, 2021.-&nbsp;La Embajada de los Estados Unidos y el Instituto Cultural Dom\u00ednico-Americano celebrar\u00e1n&nbsp;este mi\u00e9rcoles 17 y [&hellip;]<\/p>\n","protected":false},"author":5,"featured_media":308704,"comment_status":"closed","ping_status":"","sticky":true,"template":"","format":"standard","meta":{"footnotes":""},"categories":[25,27],"tags":[],"class_list":["post-308699","post","type-post","status-publish","format-standard","has-post-thumbnail","hentry","category-gente","category-portada"],"_links":{"self":[{"href":"https:\/\/diariodominicano.com\/index.php?rest_route=\/wp\/v2\/posts\/308699","targetHints":{"allow":["GET"]}}],"collection":[{"href":"https:\/\/diariodominicano.com\/index.php?rest_route=\/wp\/v2\/posts"}],"about":[{"href":"https:\/\/diariodominicano.com\/index.php?rest_route=\/wp\/v2\/types\/post"}],"author":[{"embeddable":true,"href":"https:\/\/diariodominicano.com\/index.php?rest_route=\/wp\/v2\/users\/5"}],"replies":[{"embeddable":true,"href":"https:\/\/diariodominicano.com\/index.php?rest_route=%2Fwp%2Fv2%2Fcomments&post=308699"}],"version-history":[{"count":2,"href":"https:\/\/diariodominicano.com\/index.php?rest_route=\/wp\/v2\/posts\/308699\/revisions"}],"predecessor-version":[{"id":308709,"href":"https:\/\/diariodominicano.com\/index.php?rest_route=\/wp\/v2\/posts\/308699\/revisions\/308709"}],"wp:featuredmedia":[{"embeddable":true,"href":"https:\/\/diariodominicano.com\/index.php?rest_route=\/wp\/v2\/media\/308704"}],"wp:attachment":[{"href":"https:\/\/diariodominicano.com\/index.php?rest_route=%2Fwp%2Fv2%2Fmedia&parent=308699"}],"wp:term":[{"taxonomy":"category","embeddable":true,"href":"https:\/\/diariodominicano.com\/index.php?rest_route=%2Fwp%2Fv2%2Fcategories&post=308699"},{"taxonomy":"post_tag","embeddable":true,"href":"https:\/\/diariodominicano.com\/index.php?rest_route=%2Fwp%2Fv2%2Ftags&post=308699"}],"curies":[{"name":"wp","href":"https:\/\/api.w.org\/{rel}","templated":true}]}}