{"id":308696,"date":"2021-11-16T21:05:50","date_gmt":"2021-11-17T01:05:50","guid":{"rendered":"http:\/\/diariodominicano.com\/?p=308696"},"modified":"2021-11-16T21:05:50","modified_gmt":"2021-11-17T01:05:50","slug":"mopc-inicia-trabajos-de-construccion-de-calles-contenes-bacheo-y-asfaltado-en-distintos-barrios-de-villa-mella","status":"publish","type":"post","link":"https:\/\/diariodominicano.com\/?p=308696","title":{"rendered":"MOPC inicia trabajos de construcci\u00f3n de calles, contenes, bacheo y asfaltado en distintos barrios de Villa Mella"},"content":{"rendered":"\n<p>diariodominicano.com<\/p>\n\n\n\n<p>Santo Domingo, R. D.,  16 de noviembre, 2021. &#8211; Comienzan a cumplir necesidades de los moradores de comunidades que por m\u00e1s de 10 a\u00f1os reclamaban la atenci\u00f3n de las autoridades sin que se les prestara atenci\u00f3n.<\/p>\n\n\n\n<p>El Ministerio de Obras P\u00fablicas y Comunicaciones (MOPC) reinici\u00f3 este martes, los trabajos de asfaltado y bacheo, adem\u00e1s de construcci\u00f3n de aceras y contenes en varios sectores de Villa Mella, municipio Santo Domingo Norte. &nbsp;<\/p>\n\n\n\n<p>Brigadas del MOPC ejecutan labores de acondicionamiento, bacheo y asfaltado de calles en sectores como Carlos \u00c1lvarez, donde actualmente intervienen las calles 26, 28 y 30, en el barrio Luz y Vida. Tambi\u00e9n intervienen nueve calles que ser\u00e1n reparadas, para luego continuar con otros sectores de la zona.<\/p>\n\n\n\n<p>La ingeniera Yadira Adames expres\u00f3, por m\u00e1s de 10 a\u00f1os, los moradores de estas comunidades hab\u00edan reclamado la atenci\u00f3n del gobierno y esta misma semana ya&nbsp;ser\u00e1n asfaltadas todas las calles de estos barrios, entre ellos, San Felipe, Licey y otros. \u201cEstamos sacando el asfalto deteriorado, los baches entre ellos, y corrigiendo aver\u00edas para que dure el trabajo\u201d.&nbsp;<\/p>\n\n\n\n<p>El pasado viernes, Roberto Herrera, viceministro de Supervisi\u00f3n y Fiscalizaci\u00f3n de Obras P\u00fablicas, anunci\u00f3 en un encuentro con dirigentes sociales de San Felipe, Villa Mella, que esta semana iniciaban los trabajos de intervenci\u00f3n en las v\u00edas.<\/p>\n\n\n\n<p>Los trabajos iniciados en esos sectores son producto de la licitaci\u00f3n por RD$6,100 millones para&nbsp;asfaltado a nivel nacional, de los cuales hay destinados unos RD$500 millones a Santo Domingo Norte, en beneficio de comunidades como La Victoria, San Felipe, Sabana Perdida, La Virgen, Do\u00f1a Mar\u00eda, Mal Nombre, Mata Gorda, Licey, Hacienda Estrella, Carlos \u00c1lvarez, entre otros.<\/p>\n\n\n\n<p>El MOPC hace un llamado a los habitantes de estos sectores a tener paciencia durante la realizaci\u00f3n de las labores, porque el objetivo es hacer un trabajo de calidad y duradero, explic\u00f3 la ingeniera Adames.<\/p>\n\n\n\n<p>Fuente: Direcci\u00f3n de Estrategia y Comunicaci\u00f3n Gubernamental<\/p>\n\n\n\n<p>Ministerio Administrativo de la Presidencia de la Rep\u00fablica Dominicana<\/p>\n","protected":false},"excerpt":{"rendered":"<p>diariodominicano.com Santo Domingo, R. D., 16 de noviembre, 2021. &#8211; Comienzan a cumplir necesidades de los moradores de comunidades que por m\u00e1s de 10 a\u00f1os reclamaban la atenci\u00f3n de las autoridades sin que se les prestara atenci\u00f3n. El Ministerio de Obras P\u00fablicas y Comunicaciones (MOPC) reinici\u00f3 este martes, los trabajos de asfaltado y bacheo, adem\u00e1s [&hellip;]<\/p>\n","protected":false},"author":5,"featured_media":308697,"comment_status":"closed","ping_status":"","sticky":true,"template":"","format":"standard","meta":{"footnotes":""},"categories":[20,27],"tags":[],"class_list":["post-308696","post","type-post","status-publish","format-standard","has-post-thumbnail","hentry","category-dominicana-hoy","category-portada"],"_links":{"self":[{"href":"https:\/\/diariodominicano.com\/index.php?rest_route=\/wp\/v2\/posts\/308696","targetHints":{"allow":["GET"]}}],"collection":[{"href":"https:\/\/diariodominicano.com\/index.php?rest_route=\/wp\/v2\/posts"}],"about":[{"href":"https:\/\/diariodominicano.com\/index.php?rest_route=\/wp\/v2\/types\/post"}],"author":[{"embeddable":true,"href":"https:\/\/diariodominicano.com\/index.php?rest_route=\/wp\/v2\/users\/5"}],"replies":[{"embeddable":true,"href":"https:\/\/diariodominicano.com\/index.php?rest_route=%2Fwp%2Fv2%2Fcomments&post=308696"}],"version-history":[{"count":1,"href":"https:\/\/diariodominicano.com\/index.php?rest_route=\/wp\/v2\/posts\/308696\/revisions"}],"predecessor-version":[{"id":308698,"href":"https:\/\/diariodominicano.com\/index.php?rest_route=\/wp\/v2\/posts\/308696\/revisions\/308698"}],"wp:featuredmedia":[{"embeddable":true,"href":"https:\/\/diariodominicano.com\/index.php?rest_route=\/wp\/v2\/media\/308697"}],"wp:attachment":[{"href":"https:\/\/diariodominicano.com\/index.php?rest_route=%2Fwp%2Fv2%2Fmedia&parent=308696"}],"wp:term":[{"taxonomy":"category","embeddable":true,"href":"https:\/\/diariodominicano.com\/index.php?rest_route=%2Fwp%2Fv2%2Fcategories&post=308696"},{"taxonomy":"post_tag","embeddable":true,"href":"https:\/\/diariodominicano.com\/index.php?rest_route=%2Fwp%2Fv2%2Ftags&post=308696"}],"curies":[{"name":"wp","href":"https:\/\/api.w.org\/{rel}","templated":true}]}}