{"id":308691,"date":"2021-11-16T20:48:18","date_gmt":"2021-11-17T00:48:18","guid":{"rendered":"http:\/\/diariodominicano.com\/?p=308691"},"modified":"2021-11-16T20:48:18","modified_gmt":"2021-11-17T00:48:18","slug":"ministerio-publico-solicita-18-meses-de-prision-preventiva-para-agentes-policiales-vinculados-a-sustraccion-de-drogas-en-barahona","status":"publish","type":"post","link":"https:\/\/diariodominicano.com\/?p=308691","title":{"rendered":"Ministerio P\u00fablico solicita 18 meses de prisi\u00f3n preventiva para agentes policiales vinculados a sustracci\u00f3n de drogas en Barahona"},"content":{"rendered":"\n<p>diariodominicano.com<\/p>\n\n\n\n<p><em><u>Tambi\u00e9n solicit\u00f3 la misma medida por el secuestro de un cabo<\/u><\/em><\/p>\n\n\n\n<p>Barahona, R. D.,  16 de noviembre, 2021.- El Ministerio P\u00fablico solicit\u00f3 a la Oficina Judicial de Servicios de Atenci\u00f3n Permanente de esta jurisdicci\u00f3n que imponga 18 meses de prisi\u00f3n preventiva\u00a0 y que declare complejo el caso seguido en contra de varios agentes policiales vinculados a la sustracci\u00f3n de un cargamento de drogas.<\/p>\n\n\n\n<p>La medida fue solicitada en contra del cabo Esteban Armando F\u00e9liz Batista (Chatica), sargento Oscar Andr\u00e9s Valent\u00edn Jim\u00e9nez (Oscalito), rasos Iv\u00e1n F\u00e9liz Volquez y Carlos David Pimentel Cuevas (Cabez\u00f3n), as\u00ed como del capit\u00e1n Rafael Amaurys Medina P\u00e9rez (Pat\u00fa), y los sargentos Frainel F\u00e9liz (Bamb\u00ed), Jorge Ram\u00f3n Alc\u00e1ntara Urb\u00e1ez (Sargento Alc\u00e1ntara), Jordany Cuevas M\u00e9ndez (Yoda), Miguel \u00c1ngel F\u00e9liz F\u00e9liz (Argenis), el cabo Juan Carlos Medina M\u00e9ndez (Pelo Fino) y el raso Junior Geraldo Garc\u00eda.<\/p>\n\n\n\n<p>En un comunicado de prensa el Ministerio P\u00fablico destaca que en las \u00faltimas horas fueron apresados el cabo Welni F\u00e9liz, y los rasos Brayan Polanco y Jos\u00e9 M. Olivero, quienes tambi\u00e9n fueron sometidos a la justicia y se pidi\u00f3 la misma medida.<\/p>\n\n\n\n<p>A este caso tambi\u00e9n son vinculados otros dos hombres identificados hasta el momento como \u00c1lvaro y el Guardia, quienes son perseguidos por las autoridades.<\/p>\n\n\n\n<p>La jueza del Tribunal de Atenci\u00f3n Permanente de esta demarcaci\u00f3n, Mar\u00eda Consuelo Valenzuela, aplaz\u00f3 para el pr\u00f3ximo 23 de noviembre, a las 10:00 de la ma\u00f1ana, el conocimiento de la medida de coerci\u00f3n, tras acoger una solicitud de la defensa para conocer el expediente y preparar los presupuestos.<\/p>\n\n\n\n<p>De acuerdo con la investigaci\u00f3n que lleva a cabo el Ministerio P\u00fablico, las drogas se presume que correspond\u00edan a coca\u00edna y marihuana, con un peso aproximado a los 400 kilogramos, las cuales fueron incautadas en Las Costas de la Salina, Villa Central, el pasado 28 de agosto.<\/p>\n\n\n\n<p>Los investigadores se\u00f1alan que las drogas habr\u00edan sido vendidas a narcotraficantes, que son perseguidos con \u00f3rdenes de arrestos.&nbsp; Tambi\u00e9n, han establecido que adem\u00e1s de la droga ocuparon un fusil y tres armas de fuego tipo pistola, de las cuales solo el fusil ha sido recuperado.<\/p>\n\n\n\n<p>Luego de la sustracci\u00f3n de las sustancias narc\u00f3ticas otros tres agentes policiales y un civil secuestraron al cabo Esteban Armando F\u00e9liz Batista (Chatica), hecho por el que tambi\u00e9n fueron sometidos a la justicia cuatro personas, para quienes el \u00f3rgano persecutor del crimen pidi\u00f3 igualmente 18 meses de prisi\u00f3n preventiva y que el proceso sea declarado complejo.<\/p>\n\n\n\n<p>Por el secuestro el Ministerio P\u00fablico procedi\u00f3 con el sometimiento a la justicia de los miembros de la Polic\u00eda Wellington Ferreras, Jonathan P\u00e9rez, Cherilyn Suero Medina, as\u00ed como del civil Jorge Luis D\u00edaz.<\/p>\n\n\n\n<p>La medida de coerci\u00f3n solicitada en contra de los vinculados al secuestro fue aplazada por el tribunal para el pr\u00f3ximo jueves 18 de noviembre, a las 10:00 de la ma\u00f1ana.<\/p>\n\n\n\n<p>Los apresados por estos casos se encuentran detenidos en recintos penitenciarios de esta demarcaci\u00f3n.<\/p>\n\n\n\n<p>Fuente:  <strong>Comunicaciones Prensa PGR<\/strong>\u00a0<\/p>\n\n\n\n<p><strong>Direcci\u00f3n de Comunicaci\u00f3n y Prensa<\/strong><\/p>\n\n\n\n<p><strong>Procuradur\u00eda General-Ministerio P\u00fablico RD<\/strong><\/p>\n\n\n\n<p><strong>Martes, 16 de noviembre de 2021<\/strong><\/p>\n\n\n\n<p><strong>Direcci\u00f3n General de Comunicaciones, Prensa y Relaciones P\u00fablicas<\/strong><\/p>\n\n\n\n<p>Procuradur\u00eda General de la Rep\u00fablica Dominicana<\/p>\n","protected":false},"excerpt":{"rendered":"<p>diariodominicano.com Tambi\u00e9n solicit\u00f3 la misma medida por el secuestro de un cabo Barahona, R. D., 16 de noviembre, 2021.- El Ministerio P\u00fablico solicit\u00f3 a la Oficina Judicial de Servicios de Atenci\u00f3n Permanente de esta jurisdicci\u00f3n que imponga 18 meses de prisi\u00f3n preventiva\u00a0 y que declare complejo el caso seguido en contra de varios agentes policiales [&hellip;]<\/p>\n","protected":false},"author":5,"featured_media":297925,"comment_status":"closed","ping_status":"","sticky":true,"template":"","format":"standard","meta":{"footnotes":""},"categories":[24,27],"tags":[],"class_list":["post-308691","post","type-post","status-publish","format-standard","has-post-thumbnail","hentry","category-justicia-y-derecho","category-portada"],"_links":{"self":[{"href":"https:\/\/diariodominicano.com\/index.php?rest_route=\/wp\/v2\/posts\/308691","targetHints":{"allow":["GET"]}}],"collection":[{"href":"https:\/\/diariodominicano.com\/index.php?rest_route=\/wp\/v2\/posts"}],"about":[{"href":"https:\/\/diariodominicano.com\/index.php?rest_route=\/wp\/v2\/types\/post"}],"author":[{"embeddable":true,"href":"https:\/\/diariodominicano.com\/index.php?rest_route=\/wp\/v2\/users\/5"}],"replies":[{"embeddable":true,"href":"https:\/\/diariodominicano.com\/index.php?rest_route=%2Fwp%2Fv2%2Fcomments&post=308691"}],"version-history":[{"count":1,"href":"https:\/\/diariodominicano.com\/index.php?rest_route=\/wp\/v2\/posts\/308691\/revisions"}],"predecessor-version":[{"id":308692,"href":"https:\/\/diariodominicano.com\/index.php?rest_route=\/wp\/v2\/posts\/308691\/revisions\/308692"}],"wp:featuredmedia":[{"embeddable":true,"href":"https:\/\/diariodominicano.com\/index.php?rest_route=\/wp\/v2\/media\/297925"}],"wp:attachment":[{"href":"https:\/\/diariodominicano.com\/index.php?rest_route=%2Fwp%2Fv2%2Fmedia&parent=308691"}],"wp:term":[{"taxonomy":"category","embeddable":true,"href":"https:\/\/diariodominicano.com\/index.php?rest_route=%2Fwp%2Fv2%2Fcategories&post=308691"},{"taxonomy":"post_tag","embeddable":true,"href":"https:\/\/diariodominicano.com\/index.php?rest_route=%2Fwp%2Fv2%2Ftags&post=308691"}],"curies":[{"name":"wp","href":"https:\/\/api.w.org\/{rel}","templated":true}]}}