{"id":308582,"date":"2021-11-16T13:06:58","date_gmt":"2021-11-16T17:06:58","guid":{"rendered":"http:\/\/diariodominicano.com\/?p=308582"},"modified":"2021-11-16T13:06:58","modified_gmt":"2021-11-16T17:06:58","slug":"presidente-abinader-no-hay-accion-transformadora-sin-principios-sin-etica-y-sin-integridad-en-el-ejercicio-del-poder","status":"publish","type":"post","link":"https:\/\/diariodominicano.com\/?p=308582","title":{"rendered":"Presidente Abinader: \u00abNo hay acci\u00f3n transformadora sin principios, sin \u00e9tica y sin integridad en el ejercicio del poder\u00bb"},"content":{"rendered":"\n<p>diariodominicano.com<\/p>\n\n\n\n<p>Santo Domingo, R. D.,  16 de noviembre, 2021.- \u00abNo hay acci\u00f3n transformadora sin principios, sin \u00e9tica y sin integridad en el ejercicio del poder\u00bb,\u00a0expres\u00f3 hoy el presidente Luis Abinader durante la apertura del V Di\u00e1logo de la Red de Integridad P\u00fablica en Am\u00e9rica Latina.<\/p>\n\n\n\n<p>Agreg\u00f3 que sin br\u00fajula cualquier barco naufraga y sin principios ning\u00fan gobierno puede servir a su gente con honestidad.&nbsp;<\/p>\n\n\n\n<p>En el evento auspiciado por la Direcci\u00f3n General de \u00c9tica e Integridad Gubernamental y el Banco Interamericano de Desarrollo (BID), el mandatario dijo que el gobierno ha puesto, mediante la referida Direcci\u00f3n, numerosos proyectos y dec\u00e1logos de buenas pr\u00e1cticas que vinculan a todos los estamentos del gobierno.&nbsp;<\/p>\n\n\n\n<p>\u00abBuen ejemplo de ello es nuestro portal de trasparencia, donde cualquiera puede acceder a la informaci\u00f3n de contratos p\u00fablicos, licitaciones, sueldos, planes. Todo est\u00e1 ah\u00ed, porque no hay nada que ocultar\u00bb, indic\u00f3. &nbsp;<\/p>\n\n\n\n<p>\u00abEstamos dibujando una nueva dominicanidad con una visi\u00f3n innovadora, justa, competitiva e integra\u00bb, subray\u00f3.&nbsp;<\/p>\n\n\n\n<p>En relaci\u00f3n con el tema de la tecnolog\u00eda, resalt\u00f3 la importancia que tiene la misma en todo el proceso de desarrollo social y econ\u00f3mico.<\/p>\n\n\n\n<p>\u00abPor esta raz\u00f3n, desde esta administraci\u00f3n tenemos m\u00e1s que nunca el compromiso de acercar las tecnolog\u00edas digitales a la ciudadan\u00eda, a las empresas, a la academia, a instituciones del Estado y a la sociedad civil, para convertirlas en organizaciones abiertas, digitales, \u00e1giles y productivas\u00bb, a\u00f1adi\u00f3.&nbsp;<\/p>\n\n\n\n<p>Abinader sostuvo que esa visi\u00f3n de transformaci\u00f3n digital est\u00e1 plasmada en la Agenda Digital 2030, \u00abla hoja de ruta que nos permitir\u00e1 acelerar la reactivaci\u00f3n econ\u00f3mica y social despu\u00e9s de esta pandemia que nos afecta\u00bb.<\/p>\n\n\n\n<p>\u00abNosotros ya estamos poniendo las bases de una nueva econom\u00eda dominicana. Una competitiva, innovadora y que sea centro de atracci\u00f3n de inversiones y talento\u00bb, recalc\u00f3.&nbsp;<\/p>\n\n\n\n<p>En el acto tambi\u00e9n habl\u00f3 James Scriven, representante del BID, quien se\u00f1al\u00f3 que este camino permitir\u00e1 impulsar la productividad, mejorar la confianza de los ciudadanos, fortalecer las instituciones, igual que generar\u00e1 mayores y mejores oportunidades de inversi\u00f3n.<\/p>\n\n\n\n<p>En el f\u00f3rum que finaliza el pr\u00f3ximo jueves, la Rep\u00fablica Dominicana definir\u00e1 con el BID los detalles de un programa de inversiones para adelantar reformas que ayudar\u00e1n al pa\u00eds a fortalecer y consolidar sus mecanismos de integridad en el sistema de contrataci\u00f3n p\u00fablica.<\/p>\n\n\n\n<p>Tambi\u00e9n existe el prop\u00f3sito de reforzar el control interno, fomentar el gobierno abierto y la \u00e9tica p\u00fablica, as\u00ed como apoyar la implementaci\u00f3n de pol\u00edticas de transparencia del gasto p\u00fablico.<\/p>\n\n\n\n<p>El apoyo financiero y t\u00e9cnico del BID busca impulsar la agenda de integridad y transparencia en el pa\u00eds.\u00a0En el acto participaron Milagros Ortiz Bosch, directora general de \u00c9tica e Integridad Gubernamental; Kahtarina Falkner-Olmo, representante del Banco Interamericano de Desarrollo en el pa\u00eds; Roberto de Michele y Juan Cruz Vieyra, especialistas en modernizaci\u00f3n del Estado, y Fernando Quevedo, representante del Banco Interamericano.<\/p>\n\n\n\n<p>Fuente: Direcci\u00f3n de Estrategia y Comunicaci\u00f3n Gubernamental<\/p>\n\n\n\n<p>Ministerio Administrativo de la Presidencia de la Rep\u00fablica Dominicana<\/p>\n","protected":false},"excerpt":{"rendered":"<p>diariodominicano.com Santo Domingo, R. D., 16 de noviembre, 2021.- \u00abNo hay acci\u00f3n transformadora sin principios, sin \u00e9tica y sin integridad en el ejercicio del poder\u00bb,\u00a0expres\u00f3 hoy el presidente Luis Abinader durante la apertura del V Di\u00e1logo de la Red de Integridad P\u00fablica en Am\u00e9rica Latina. Agreg\u00f3 que sin br\u00fajula cualquier barco naufraga y sin principios [&hellip;]<\/p>\n","protected":false},"author":5,"featured_media":308583,"comment_status":"closed","ping_status":"","sticky":true,"template":"","format":"standard","meta":{"footnotes":""},"categories":[20,27],"tags":[],"class_list":["post-308582","post","type-post","status-publish","format-standard","has-post-thumbnail","hentry","category-dominicana-hoy","category-portada"],"_links":{"self":[{"href":"https:\/\/diariodominicano.com\/index.php?rest_route=\/wp\/v2\/posts\/308582","targetHints":{"allow":["GET"]}}],"collection":[{"href":"https:\/\/diariodominicano.com\/index.php?rest_route=\/wp\/v2\/posts"}],"about":[{"href":"https:\/\/diariodominicano.com\/index.php?rest_route=\/wp\/v2\/types\/post"}],"author":[{"embeddable":true,"href":"https:\/\/diariodominicano.com\/index.php?rest_route=\/wp\/v2\/users\/5"}],"replies":[{"embeddable":true,"href":"https:\/\/diariodominicano.com\/index.php?rest_route=%2Fwp%2Fv2%2Fcomments&post=308582"}],"version-history":[{"count":1,"href":"https:\/\/diariodominicano.com\/index.php?rest_route=\/wp\/v2\/posts\/308582\/revisions"}],"predecessor-version":[{"id":308584,"href":"https:\/\/diariodominicano.com\/index.php?rest_route=\/wp\/v2\/posts\/308582\/revisions\/308584"}],"wp:featuredmedia":[{"embeddable":true,"href":"https:\/\/diariodominicano.com\/index.php?rest_route=\/wp\/v2\/media\/308583"}],"wp:attachment":[{"href":"https:\/\/diariodominicano.com\/index.php?rest_route=%2Fwp%2Fv2%2Fmedia&parent=308582"}],"wp:term":[{"taxonomy":"category","embeddable":true,"href":"https:\/\/diariodominicano.com\/index.php?rest_route=%2Fwp%2Fv2%2Fcategories&post=308582"},{"taxonomy":"post_tag","embeddable":true,"href":"https:\/\/diariodominicano.com\/index.php?rest_route=%2Fwp%2Fv2%2Ftags&post=308582"}],"curies":[{"name":"wp","href":"https:\/\/api.w.org\/{rel}","templated":true}]}}