{"id":308575,"date":"2021-11-16T12:54:57","date_gmt":"2021-11-16T16:54:57","guid":{"rendered":"http:\/\/diariodominicano.com\/?p=308575"},"modified":"2021-11-16T13:00:50","modified_gmt":"2021-11-16T17:00:50","slug":"senado-chileno-debate-acusacion-constitucional-contra-pinera","status":"publish","type":"post","link":"https:\/\/diariodominicano.com\/?p=308575","title":{"rendered":"Senado chileno debate acusaci\u00f3n constitucional contra Pi\u00f1era"},"content":{"rendered":"\n<p>diariodominicano.com<\/p>\n\n\n\n<p>Santiago de Chile, 16 nov (Prensa Latina) El senado chileno debate y someter\u00e1 a votaci\u00f3n la acusaci\u00f3n constitucional contra el presidente Sebasti\u00e1n Pi\u00f1era por las revelaciones de los Papeles de Pandora sobre irregularidades en la venta de un importante proyecto minero.<\/p>\n\n\n\n<p>En la sesi\u00f3n intervienen diputados encargados de presentar el caso: Leonardo Soto, Gael Yeomans y Gabriel Silber, as\u00ed como el abogado defensor del mandatario, Jorge G\u00e1lvez.<\/p>\n\n\n\n<p>Pi\u00f1era es se\u00f1alado de faltar al principio de probidad y comprometer gravemente el honor de la naci\u00f3n, luego de que documentos filtrados por el Consorcio Internacional de Periodistas de Investigaci\u00f3n lo vincularon a \u00e9l y a su familia con la venta de la minera Dominga en el para\u00edso fiscal de Islas V\u00edrgenes Brit\u00e1nicas.<\/p>\n\n\n\n<p>La transacci\u00f3n se hizo por 152 millones de d\u00f3lares pagados en tres cuotas, la \u00faltima de las cuales estaba condicionada a que no se cumpliera el reclamo de defensores de la naturaleza de declarar la zona como de protecci\u00f3n ambiental, una decisi\u00f3n que depend\u00eda del presidente.<\/p>\n\n\n\n<p>El proceso para inhabilitar al mandatario fue aprobado en la C\u00e1mara de Representantes el pasado d\u00eda 9 por 78 votos a favor, 67 en contra y tres abstenciones, luego de una marat\u00f3nica sesi\u00f3n que se extendi\u00f3 por casi 24 horas.<\/p>\n\n\n\n<p>\u201cCreo que, dadas las circunstancias que est\u00e1 viviendo el pa\u00eds, es un deber \u00e9tico de los senadores aprobar la acusaci\u00f3n constitucional porque los fundamentos son de una solidez innegable\u201d, dijo la diputada Carmen Hertz, del Partido Comunista.<\/p>\n\n\n\n<p>En la c\u00e1mara alta se necesitan al menos 29 votos de los 43 esca\u00f1os para su adopci\u00f3n y los partidos opositores solo cuentan con 24.<\/p>\n\n\n\n<p>Pi\u00f1era enfrent\u00f3 un intento de enjuiciamiento por las violaciones de los derechos humanos cometidas durante el estallido social de 2019, pero la iniciativa no prosper\u00f3 en la C\u00e1mara de Diputados.<\/p>\n\n\n\n<p>Una encuesta de la firma Pulso Ciudadano, publicada esta semana, indic\u00f3 que 64 por ciento de los chilenos est\u00e1 de acuerdo o muy de acuerdo con el juicio pol\u00edtico contra el presidente.<\/p>\n\n\n\n<p>msm\/car<\/p>\n","protected":false},"excerpt":{"rendered":"<p>diariodominicano.com Santiago de Chile, 16 nov (Prensa Latina) El senado chileno debate y someter\u00e1 a votaci\u00f3n la acusaci\u00f3n constitucional contra el presidente Sebasti\u00e1n Pi\u00f1era por las revelaciones de los Papeles de Pandora sobre irregularidades en la venta de un importante proyecto minero. En la sesi\u00f3n intervienen diputados encargados de presentar el caso: Leonardo Soto, Gael [&hellip;]<\/p>\n","protected":false},"author":5,"featured_media":308576,"comment_status":"closed","ping_status":"","sticky":true,"template":"","format":"standard","meta":{"footnotes":""},"categories":[23,27],"tags":[],"class_list":["post-308575","post","type-post","status-publish","format-standard","has-post-thumbnail","hentry","category-internacional","category-portada"],"_links":{"self":[{"href":"https:\/\/diariodominicano.com\/index.php?rest_route=\/wp\/v2\/posts\/308575","targetHints":{"allow":["GET"]}}],"collection":[{"href":"https:\/\/diariodominicano.com\/index.php?rest_route=\/wp\/v2\/posts"}],"about":[{"href":"https:\/\/diariodominicano.com\/index.php?rest_route=\/wp\/v2\/types\/post"}],"author":[{"embeddable":true,"href":"https:\/\/diariodominicano.com\/index.php?rest_route=\/wp\/v2\/users\/5"}],"replies":[{"embeddable":true,"href":"https:\/\/diariodominicano.com\/index.php?rest_route=%2Fwp%2Fv2%2Fcomments&post=308575"}],"version-history":[{"count":1,"href":"https:\/\/diariodominicano.com\/index.php?rest_route=\/wp\/v2\/posts\/308575\/revisions"}],"predecessor-version":[{"id":308577,"href":"https:\/\/diariodominicano.com\/index.php?rest_route=\/wp\/v2\/posts\/308575\/revisions\/308577"}],"wp:featuredmedia":[{"embeddable":true,"href":"https:\/\/diariodominicano.com\/index.php?rest_route=\/wp\/v2\/media\/308576"}],"wp:attachment":[{"href":"https:\/\/diariodominicano.com\/index.php?rest_route=%2Fwp%2Fv2%2Fmedia&parent=308575"}],"wp:term":[{"taxonomy":"category","embeddable":true,"href":"https:\/\/diariodominicano.com\/index.php?rest_route=%2Fwp%2Fv2%2Fcategories&post=308575"},{"taxonomy":"post_tag","embeddable":true,"href":"https:\/\/diariodominicano.com\/index.php?rest_route=%2Fwp%2Fv2%2Ftags&post=308575"}],"curies":[{"name":"wp","href":"https:\/\/api.w.org\/{rel}","templated":true}]}}