{"id":308564,"date":"2021-11-16T12:18:28","date_gmt":"2021-11-16T16:18:28","guid":{"rendered":"http:\/\/diariodominicano.com\/?p=308564"},"modified":"2021-11-16T19:09:24","modified_gmt":"2021-11-16T23:09:24","slug":"visita-oficial-de-la-vicepresidenta-raquel-pena-a-espana","status":"publish","type":"post","link":"https:\/\/diariodominicano.com\/?p=308564","title":{"rendered":"Visita oficial de la vicepresidenta Raquel Pe\u00f1a a Espa\u00f1a"},"content":{"rendered":"\n<p>&nbsp;<strong>La vicepresidenta expuso las pol\u00edticas del Gobierno para la di\u00e1spora, con proyectos como el de extensi\u00f3n de la seguridad social y planes de viviendas y de becas para los dom\u00ednico-espa\u00f1oles, a la vez que escuch\u00f3 sus inquietudes. El acto fue moderado por el embajador Juan Bol\u00edvar D\u00edaz.<\/strong><\/p>\n\n\n\n<p>La Excelent\u00edsima vicepresidenta de la Rep\u00fablica Dominicana, Sra. Raquel Pe\u00f1a, realiz\u00f3 una visita oficial al Reino de Espa\u00f1a en representaci\u00f3n del Excelent\u00edsimo presidente Luis Abinader para tomar parte del solemne acto en conmemoraci\u00f3n del trig\u00e9simo aniversario de las Cumbres Iberoamericanas, celebrado al caer la tarde de este lunes 15 de noviembre en el auditorio de Casa Am\u00e9rica.<\/p>\n\n\n\n<p>&nbsp;&nbsp;&nbsp;&nbsp;&nbsp;&nbsp;&nbsp;&nbsp;&nbsp;&nbsp;&nbsp; Su Majestad Felipe VI y los presidentes de Espa\u00f1a y Portugal presidieron el acto que cont\u00f3 a distancia con la participaci\u00f3n de varios jefes de Estado iberoamericanos, incluyendo al Excmo. Sr. Luis Abinader, en su condici\u00f3n de presidente Pro Tempore de la Conferencia Iberoamericana, cuya cumbre se celebrar\u00e1 a finales del 2022 en Rep\u00fablica Dominicana.<\/p>\n\n\n\n<p>En su alocuci\u00f3n, la vicepresidenta Pe\u00f1a expres\u00f3 que&nbsp;la Rep\u00fablica Dominicana quiere continuar avanzando en espacios de sostenibilidad y justicia a partir de la pr\u00f3xima Cumbre. Adem\u00e1s, comparti\u00f3 sus experiencias respecto al \u00e9xito del proceso de vacunaci\u00f3n, que se ha manifestado en la recuperaci\u00f3n&nbsp;econ\u00f3mica&nbsp;del pa\u00eds.<\/p>\n\n\n\n<div class=\"wp-block-jetpack-slideshow aligncenter\" data-effect=\"slide\"><div class=\"wp-block-jetpack-slideshow_container swiper-container\"><ul class=\"wp-block-jetpack-slideshow_swiper-wrapper swiper-wrapper\"><li class=\"wp-block-jetpack-slideshow_slide swiper-slide\"><figure><img loading=\"lazy\" decoding=\"async\" width=\"1024\" height=\"683\" alt=\"\" class=\"wp-block-jetpack-slideshow_image wp-image-308650\" data-id=\"308650\" src=\"https:\/\/diariodominicano.com\/wp-content\/uploads\/2021\/11\/Visita-oficial-de-la-vicepresidenta-Raquel-Pena-a-Espana-IV-1024x683.jpg\" srcset=\"https:\/\/diariodominicano.com\/wp-content\/uploads\/2021\/11\/Visita-oficial-de-la-vicepresidenta-Raquel-Pena-a-Espana-IV-1024x683.jpg 1024w, https:\/\/diariodominicano.com\/wp-content\/uploads\/2021\/11\/Visita-oficial-de-la-vicepresidenta-Raquel-Pena-a-Espana-IV-300x200.jpg 300w, https:\/\/diariodominicano.com\/wp-content\/uploads\/2021\/11\/Visita-oficial-de-la-vicepresidenta-Raquel-Pena-a-Espana-IV-768x512.jpg 768w, https:\/\/diariodominicano.com\/wp-content\/uploads\/2021\/11\/Visita-oficial-de-la-vicepresidenta-Raquel-Pena-a-Espana-IV-1536x1024.jpg 1536w, https:\/\/diariodominicano.com\/wp-content\/uploads\/2021\/11\/Visita-oficial-de-la-vicepresidenta-Raquel-Pena-a-Espana-IV-2048x1365.jpg 2048w, https:\/\/diariodominicano.com\/wp-content\/uploads\/2021\/11\/Visita-oficial-de-la-vicepresidenta-Raquel-Pena-a-Espana-IV-816x544.jpg 816w\" sizes=\"auto, (max-width: 1024px) 100vw, 1024px\" \/><\/figure><\/li><li class=\"wp-block-jetpack-slideshow_slide swiper-slide\"><figure><img loading=\"lazy\" decoding=\"async\" width=\"1024\" height=\"683\" alt=\"\" class=\"wp-block-jetpack-slideshow_image wp-image-308652\" data-id=\"308652\" src=\"https:\/\/diariodominicano.com\/wp-content\/uploads\/2021\/11\/Visita-oficial-de-la-vicepresidenta-Raquel-Pena-a-Espana-1024x683.jpg\" srcset=\"https:\/\/diariodominicano.com\/wp-content\/uploads\/2021\/11\/Visita-oficial-de-la-vicepresidenta-Raquel-Pena-a-Espana-1024x683.jpg 1024w, https:\/\/diariodominicano.com\/wp-content\/uploads\/2021\/11\/Visita-oficial-de-la-vicepresidenta-Raquel-Pena-a-Espana-300x200.jpg 300w, https:\/\/diariodominicano.com\/wp-content\/uploads\/2021\/11\/Visita-oficial-de-la-vicepresidenta-Raquel-Pena-a-Espana-768x512.jpg 768w, https:\/\/diariodominicano.com\/wp-content\/uploads\/2021\/11\/Visita-oficial-de-la-vicepresidenta-Raquel-Pena-a-Espana-1536x1024.jpg 1536w, https:\/\/diariodominicano.com\/wp-content\/uploads\/2021\/11\/Visita-oficial-de-la-vicepresidenta-Raquel-Pena-a-Espana-2048x1365.jpg 2048w, https:\/\/diariodominicano.com\/wp-content\/uploads\/2021\/11\/Visita-oficial-de-la-vicepresidenta-Raquel-Pena-a-Espana-816x544.jpg 816w\" sizes=\"auto, (max-width: 1024px) 100vw, 1024px\" \/><\/figure><\/li><li class=\"wp-block-jetpack-slideshow_slide swiper-slide\"><figure><img loading=\"lazy\" decoding=\"async\" width=\"1024\" height=\"683\" alt=\"\" class=\"wp-block-jetpack-slideshow_image wp-image-308651\" data-id=\"308651\" src=\"https:\/\/diariodominicano.com\/wp-content\/uploads\/2021\/11\/Visita-oficial-de-la-vicepresidenta-Raquel-Pena-a-Espana-V-1024x683.jpg\" srcset=\"https:\/\/diariodominicano.com\/wp-content\/uploads\/2021\/11\/Visita-oficial-de-la-vicepresidenta-Raquel-Pena-a-Espana-V-1024x683.jpg 1024w, https:\/\/diariodominicano.com\/wp-content\/uploads\/2021\/11\/Visita-oficial-de-la-vicepresidenta-Raquel-Pena-a-Espana-V-300x200.jpg 300w, https:\/\/diariodominicano.com\/wp-content\/uploads\/2021\/11\/Visita-oficial-de-la-vicepresidenta-Raquel-Pena-a-Espana-V-768x512.jpg 768w, https:\/\/diariodominicano.com\/wp-content\/uploads\/2021\/11\/Visita-oficial-de-la-vicepresidenta-Raquel-Pena-a-Espana-V-1536x1024.jpg 1536w, https:\/\/diariodominicano.com\/wp-content\/uploads\/2021\/11\/Visita-oficial-de-la-vicepresidenta-Raquel-Pena-a-Espana-V-2048x1365.jpg 2048w, https:\/\/diariodominicano.com\/wp-content\/uploads\/2021\/11\/Visita-oficial-de-la-vicepresidenta-Raquel-Pena-a-Espana-V-816x544.jpg 816w\" sizes=\"auto, (max-width: 1024px) 100vw, 1024px\" \/><\/figure><\/li><li class=\"wp-block-jetpack-slideshow_slide swiper-slide\"><figure><img loading=\"lazy\" decoding=\"async\" width=\"1024\" height=\"683\" alt=\"\" class=\"wp-block-jetpack-slideshow_image wp-image-308649\" data-id=\"308649\" src=\"https:\/\/diariodominicano.com\/wp-content\/uploads\/2021\/11\/Visita-oficial-de-la-vicepresidenta-Raquel-Pena-a-Espana-III-1024x683.jpg\" srcset=\"https:\/\/diariodominicano.com\/wp-content\/uploads\/2021\/11\/Visita-oficial-de-la-vicepresidenta-Raquel-Pena-a-Espana-III-1024x683.jpg 1024w, https:\/\/diariodominicano.com\/wp-content\/uploads\/2021\/11\/Visita-oficial-de-la-vicepresidenta-Raquel-Pena-a-Espana-III-300x200.jpg 300w, https:\/\/diariodominicano.com\/wp-content\/uploads\/2021\/11\/Visita-oficial-de-la-vicepresidenta-Raquel-Pena-a-Espana-III-768x512.jpg 768w, https:\/\/diariodominicano.com\/wp-content\/uploads\/2021\/11\/Visita-oficial-de-la-vicepresidenta-Raquel-Pena-a-Espana-III-1536x1024.jpg 1536w, https:\/\/diariodominicano.com\/wp-content\/uploads\/2021\/11\/Visita-oficial-de-la-vicepresidenta-Raquel-Pena-a-Espana-III-2048x1365.jpg 2048w, https:\/\/diariodominicano.com\/wp-content\/uploads\/2021\/11\/Visita-oficial-de-la-vicepresidenta-Raquel-Pena-a-Espana-III-816x544.jpg 816w\" sizes=\"auto, (max-width: 1024px) 100vw, 1024px\" \/><\/figure><\/li><li class=\"wp-block-jetpack-slideshow_slide swiper-slide\"><figure><img loading=\"lazy\" decoding=\"async\" width=\"1024\" height=\"683\" alt=\"\" class=\"wp-block-jetpack-slideshow_image wp-image-308648\" data-id=\"308648\" src=\"https:\/\/diariodominicano.com\/wp-content\/uploads\/2021\/11\/Visita-oficial-de-la-vicepresidenta-Raquel-Pena-a-Espana-II-1024x683.jpg\" srcset=\"https:\/\/diariodominicano.com\/wp-content\/uploads\/2021\/11\/Visita-oficial-de-la-vicepresidenta-Raquel-Pena-a-Espana-II-1024x683.jpg 1024w, https:\/\/diariodominicano.com\/wp-content\/uploads\/2021\/11\/Visita-oficial-de-la-vicepresidenta-Raquel-Pena-a-Espana-II-300x200.jpg 300w, https:\/\/diariodominicano.com\/wp-content\/uploads\/2021\/11\/Visita-oficial-de-la-vicepresidenta-Raquel-Pena-a-Espana-II-768x512.jpg 768w, https:\/\/diariodominicano.com\/wp-content\/uploads\/2021\/11\/Visita-oficial-de-la-vicepresidenta-Raquel-Pena-a-Espana-II-1536x1024.jpg 1536w, https:\/\/diariodominicano.com\/wp-content\/uploads\/2021\/11\/Visita-oficial-de-la-vicepresidenta-Raquel-Pena-a-Espana-II-2048x1365.jpg 2048w, https:\/\/diariodominicano.com\/wp-content\/uploads\/2021\/11\/Visita-oficial-de-la-vicepresidenta-Raquel-Pena-a-Espana-II-816x544.jpg 816w\" sizes=\"auto, (max-width: 1024px) 100vw, 1024px\" \/><\/figure><\/li><li class=\"wp-block-jetpack-slideshow_slide swiper-slide\"><figure><img loading=\"lazy\" decoding=\"async\" width=\"1024\" height=\"683\" alt=\"\" class=\"wp-block-jetpack-slideshow_image wp-image-308647\" data-id=\"308647\" src=\"https:\/\/diariodominicano.com\/wp-content\/uploads\/2021\/11\/Visita-oficial-de-la-vicepresidenta-Raquel-Pena-a-Espana-I-1024x683.jpg\" srcset=\"https:\/\/diariodominicano.com\/wp-content\/uploads\/2021\/11\/Visita-oficial-de-la-vicepresidenta-Raquel-Pena-a-Espana-I-1024x683.jpg 1024w, https:\/\/diariodominicano.com\/wp-content\/uploads\/2021\/11\/Visita-oficial-de-la-vicepresidenta-Raquel-Pena-a-Espana-I-300x200.jpg 300w, https:\/\/diariodominicano.com\/wp-content\/uploads\/2021\/11\/Visita-oficial-de-la-vicepresidenta-Raquel-Pena-a-Espana-I-768x512.jpg 768w, https:\/\/diariodominicano.com\/wp-content\/uploads\/2021\/11\/Visita-oficial-de-la-vicepresidenta-Raquel-Pena-a-Espana-I-1536x1024.jpg 1536w, https:\/\/diariodominicano.com\/wp-content\/uploads\/2021\/11\/Visita-oficial-de-la-vicepresidenta-Raquel-Pena-a-Espana-I-2048x1365.jpg 2048w, https:\/\/diariodominicano.com\/wp-content\/uploads\/2021\/11\/Visita-oficial-de-la-vicepresidenta-Raquel-Pena-a-Espana-I-816x544.jpg 816w\" sizes=\"auto, (max-width: 1024px) 100vw, 1024px\" \/><\/figure><\/li><\/ul><a class=\"wp-block-jetpack-slideshow_button-prev swiper-button-prev swiper-button-white\" role=\"button\"><\/a><a class=\"wp-block-jetpack-slideshow_button-next swiper-button-next swiper-button-white\" role=\"button\"><\/a><a aria-label=\"Pause Slideshow\" class=\"wp-block-jetpack-slideshow_button-pause\" role=\"button\"><\/a><div class=\"wp-block-jetpack-slideshow_pagination swiper-pagination swiper-pagination-white\"><\/div><\/div><\/div>\n\n\n\n<p>La se\u00f1ora vicepresidenta arrib\u00f3 a Madrid por el aeropuerto Adolfo Su\u00e1rez en la ma\u00f1ana del domingo.&nbsp; Ese mismo d\u00eda en la tarde sostuvo un encuentro con los principales dirigentes en Espa\u00f1a del partido de Gobierno, el Revolucionario Moderno (PRM). A partir de las 6 y durante una hora intercambi\u00f3 con unos 70 representantes de la gran di\u00e1spora dominicana en Espa\u00f1a, incluyendo artistas, profesionales, empresarios, dirigentes culturales y sociales de la comunidad. La vicepresidenta expuso las pol\u00edticas del Gobierno para la di\u00e1spora, con proyectos como el de extensi\u00f3n de la seguridad social y planes de viviendas y de becas para los dom\u00ednico-espa\u00f1oles, a la vez que escuch\u00f3 sus inquietudes. El acto fue moderado por el embajador Juan Bol\u00edvar D\u00edaz.<\/p>\n\n\n\n<p>El lunes 15 de noviembre en la ma\u00f1ana se reuni\u00f3 con casi un centenar de estudiantes dominicanos en Espa\u00f1a, a los cuales les comparti\u00f3 un mensaje de aliento para que contin\u00faen con tes\u00f3n sus estudios y se mantengan perseverantes en lograr sus sue\u00f1os. Este encuentro se realiz\u00f3 en el Sal\u00f3n de actos de la Universidad Nebrija y cont\u00f3 con la participaci\u00f3n del Sr. Embajador Juan Bol\u00edvar D\u00edaz y del rector magn\u00edfico de dicho centro universitario, don Jos\u00e9 Mu\u00f1iz, quien fungi\u00f3 como moderador del acto.<\/p>\n\n\n\n<p>&nbsp;&nbsp;&nbsp;&nbsp;&nbsp;&nbsp;&nbsp;&nbsp;&nbsp;&nbsp;&nbsp; La vicepresidenta Pe\u00f1a sali\u00f3 de Madrid la tarde de este martes 16, con destino a Qatar donde realizar\u00e1 una visita oficial en representaci\u00f3n del Estado dominicano.<\/p>\n\n\n\n<p>Madrid, 16 de noviembre 2021<\/p>\n\n\n\n<p>Samuel Esteban<\/p>\n\n\n\n<p>Encargado de Asuntos Culturales, Comunicaci\u00f3n &amp;&nbsp;Prensa<\/p>\n\n\n\n<p><strong>Embajada de la Rep\u00fablica Dominicana<\/strong><\/p>\n\n\n\n<p><\/p>\n\n\n\n<p>Diariodominicano.com<\/p>\n","protected":false},"excerpt":{"rendered":"<p>&nbsp;La vicepresidenta expuso las pol\u00edticas del Gobierno para la di\u00e1spora, con proyectos como el de extensi\u00f3n de la seguridad social y planes de viviendas y de becas para los dom\u00ednico-espa\u00f1oles, a la vez que escuch\u00f3 sus inquietudes. El acto fue moderado por el embajador Juan Bol\u00edvar D\u00edaz. La Excelent\u00edsima vicepresidenta de la Rep\u00fablica Dominicana, Sra. [&hellip;]<\/p>\n","protected":false},"author":2,"featured_media":308565,"comment_status":"closed","ping_status":"","sticky":true,"template":"","format":"standard","meta":{"footnotes":""},"categories":[20,27],"tags":[],"class_list":["post-308564","post","type-post","status-publish","format-standard","has-post-thumbnail","hentry","category-dominicana-hoy","category-portada"],"_links":{"self":[{"href":"https:\/\/diariodominicano.com\/index.php?rest_route=\/wp\/v2\/posts\/308564","targetHints":{"allow":["GET"]}}],"collection":[{"href":"https:\/\/diariodominicano.com\/index.php?rest_route=\/wp\/v2\/posts"}],"about":[{"href":"https:\/\/diariodominicano.com\/index.php?rest_route=\/wp\/v2\/types\/post"}],"author":[{"embeddable":true,"href":"https:\/\/diariodominicano.com\/index.php?rest_route=\/wp\/v2\/users\/2"}],"replies":[{"embeddable":true,"href":"https:\/\/diariodominicano.com\/index.php?rest_route=%2Fwp%2Fv2%2Fcomments&post=308564"}],"version-history":[{"count":6,"href":"https:\/\/diariodominicano.com\/index.php?rest_route=\/wp\/v2\/posts\/308564\/revisions"}],"predecessor-version":[{"id":308658,"href":"https:\/\/diariodominicano.com\/index.php?rest_route=\/wp\/v2\/posts\/308564\/revisions\/308658"}],"wp:featuredmedia":[{"embeddable":true,"href":"https:\/\/diariodominicano.com\/index.php?rest_route=\/wp\/v2\/media\/308565"}],"wp:attachment":[{"href":"https:\/\/diariodominicano.com\/index.php?rest_route=%2Fwp%2Fv2%2Fmedia&parent=308564"}],"wp:term":[{"taxonomy":"category","embeddable":true,"href":"https:\/\/diariodominicano.com\/index.php?rest_route=%2Fwp%2Fv2%2Fcategories&post=308564"},{"taxonomy":"post_tag","embeddable":true,"href":"https:\/\/diariodominicano.com\/index.php?rest_route=%2Fwp%2Fv2%2Ftags&post=308564"}],"curies":[{"name":"wp","href":"https:\/\/api.w.org\/{rel}","templated":true}]}}