{"id":308556,"date":"2021-11-16T11:55:09","date_gmt":"2021-11-16T15:55:09","guid":{"rendered":"http:\/\/diariodominicano.com\/?p=308556"},"modified":"2021-11-16T11:55:09","modified_gmt":"2021-11-16T15:55:09","slug":"sospechoso-de-magnicidio-en-haiti-sera-extraditado-a-colombia","status":"publish","type":"post","link":"https:\/\/diariodominicano.com\/?p=308556","title":{"rendered":"Sospechoso de magnicidio en Hait\u00ed ser\u00e1 extraditado a Colombia"},"content":{"rendered":"\n<p>diariodominicano.com<\/p>\n\n\n\n<p>Puerto Pr\u00edncipe, 16 nov (Prensa Latina) El exmilitar colombiano Marco Antonio Palacios, sospechoso del asesinato del expresidente haitiano Jovenel Mo\u00efse y arrestado en Jamaica, ser\u00e1 devuelto a su pa\u00eds natal, revel\u00f3 hoy la prensa local.<\/p>\n\n\n\n<p>A pesar de las negociaciones entre Hait\u00ed y Jamaica para lograr su deportaci\u00f3n, los dos pa\u00edses no tienen un acuerdo de extradici\u00f3n, lo cual complica la gesti\u00f3n, se\u00f1al\u00f3 la plataforma Vant Bef Info.<\/p>\n\n\n\n<p>Palacios fue arrestado por las autoridades jamaicanas luego de entrar ilegalmente en ese territorio, y en respuesta a una orden de captura emitida por la Organizaci\u00f3n Internacional de Polic\u00eda Criminal, conocida como Interpol.<\/p>\n\n\n\n<p>A finales de octubre, al margen de la Conferencia Italia-Am\u00e9rica Latina y el Caribe, los cancilleres de los dos pa\u00edses caribe\u00f1os se reunieron para establecer los mecanismos que permitir\u00edan el traslado del sospechoso.<\/p>\n\n\n\n<p>El ministro haitiano de Relaciones Exteriores, Claude Joseph tambi\u00e9n sostuvo un encuentro con la vicepresidenta de Colombia, Marta Luc\u00eda Ram\u00edrez, quien le corrobor\u00f3 que la naci\u00f3n suramericana no ten\u00eda intenciones de reclamar la devoluci\u00f3n de Palacios.<\/p>\n\n\n\n<p>Las autoridades policiales de Hait\u00ed aseguraron que el exmilitar form\u00f3 parte de comando armado que ultim\u00f3 al exmandatario en su residencia privada el pasado 7 de julio.<\/p>\n\n\n\n<p>Por el caso est\u00e1n detenidos al menos 44 personas, casi la mitad de ellos de origen colombiano, adem\u00e1s de una decena de polic\u00edas, tres responsables de seguridad presidencial y un supuesto autor intelectual, el m\u00e9dico Enmanuel Sanon.<\/p>\n\n\n\n<p>La v\u00edspera Joseph confirm\u00f3 que el empresario Samir Handal, otro presunto planificador del magnicidio fue detenido en Turqu\u00eda y est\u00e1n en marcha las negociaciones para su extradici\u00f3n.<\/p>\n\n\n\n<p>Mo\u00efse es el quinto presidente asesinado mientras ejerc\u00eda el cargo, y su muerte afianz\u00f3 el vac\u00edo constitucional del pa\u00eds, as\u00ed como agrav\u00f3 la intensa crisis pol\u00edtica, y de seguridad.<\/p>\n\n\n\n<p>mem\/ane<\/p>\n","protected":false},"excerpt":{"rendered":"<p>diariodominicano.com Puerto Pr\u00edncipe, 16 nov (Prensa Latina) El exmilitar colombiano Marco Antonio Palacios, sospechoso del asesinato del expresidente haitiano Jovenel Mo\u00efse y arrestado en Jamaica, ser\u00e1 devuelto a su pa\u00eds natal, revel\u00f3 hoy la prensa local. A pesar de las negociaciones entre Hait\u00ed y Jamaica para lograr su deportaci\u00f3n, los dos pa\u00edses no tienen un [&hellip;]<\/p>\n","protected":false},"author":5,"featured_media":308557,"comment_status":"closed","ping_status":"","sticky":true,"template":"","format":"standard","meta":{"footnotes":""},"categories":[23,27],"tags":[],"class_list":["post-308556","post","type-post","status-publish","format-standard","has-post-thumbnail","hentry","category-internacional","category-portada"],"_links":{"self":[{"href":"https:\/\/diariodominicano.com\/index.php?rest_route=\/wp\/v2\/posts\/308556","targetHints":{"allow":["GET"]}}],"collection":[{"href":"https:\/\/diariodominicano.com\/index.php?rest_route=\/wp\/v2\/posts"}],"about":[{"href":"https:\/\/diariodominicano.com\/index.php?rest_route=\/wp\/v2\/types\/post"}],"author":[{"embeddable":true,"href":"https:\/\/diariodominicano.com\/index.php?rest_route=\/wp\/v2\/users\/5"}],"replies":[{"embeddable":true,"href":"https:\/\/diariodominicano.com\/index.php?rest_route=%2Fwp%2Fv2%2Fcomments&post=308556"}],"version-history":[{"count":1,"href":"https:\/\/diariodominicano.com\/index.php?rest_route=\/wp\/v2\/posts\/308556\/revisions"}],"predecessor-version":[{"id":308558,"href":"https:\/\/diariodominicano.com\/index.php?rest_route=\/wp\/v2\/posts\/308556\/revisions\/308558"}],"wp:featuredmedia":[{"embeddable":true,"href":"https:\/\/diariodominicano.com\/index.php?rest_route=\/wp\/v2\/media\/308557"}],"wp:attachment":[{"href":"https:\/\/diariodominicano.com\/index.php?rest_route=%2Fwp%2Fv2%2Fmedia&parent=308556"}],"wp:term":[{"taxonomy":"category","embeddable":true,"href":"https:\/\/diariodominicano.com\/index.php?rest_route=%2Fwp%2Fv2%2Fcategories&post=308556"},{"taxonomy":"post_tag","embeddable":true,"href":"https:\/\/diariodominicano.com\/index.php?rest_route=%2Fwp%2Fv2%2Ftags&post=308556"}],"curies":[{"name":"wp","href":"https:\/\/api.w.org\/{rel}","templated":true}]}}