{"id":308538,"date":"2021-11-16T11:28:26","date_gmt":"2021-11-16T15:28:26","guid":{"rendered":"http:\/\/diariodominicano.com\/?p=308538"},"modified":"2021-11-16T11:28:26","modified_gmt":"2021-11-16T15:28:26","slug":"hospital-ney-arias-lora-exhibe-las-mas-modernas-unidades-de-cuidados-intensivos-del-pais","status":"publish","type":"post","link":"https:\/\/diariodominicano.com\/?p=308538","title":{"rendered":"Hospital Ney Arias Lora exhibe las m\u00e1s modernas Unidades de Cuidados Intensivos del pa\u00eds"},"content":{"rendered":"\n<p>diariodominicano.com<\/p>\n\n\n\n<p>Santo Domingo, R. D.,  16 de noviembre, 2021.-  El Hospital Traumatol\u00f3gico Dr. Ney Arias Lora \u00a0cuenta con dos de las Unidades de Cuidados Intensivos m\u00e1s modernas y equipadas con la que cuenta la red p\u00fablica y privada del pa\u00eds.<\/p>\n\n\n\n<p>El director del centro de salud, doctor Julio Landr\u00f3n al realizar este lunes su acostumbrada ronda m\u00e9dica para conocer el estado de salud de los pacientes, visit\u00f3 ambas unidades tanto UCI general as\u00ed como UCI de Neurocirg\u00eda, donde 15 pacientes permanecen ingresados.<\/p>\n\n\n\n<p>\u201cAseguramos &nbsp;a la ciudadan\u00eda que nuestro centro de salud cuenta con los m\u00e1s &nbsp;modernos equipos de ventiladores, monitores, di\u00e1lisis entre otros, &nbsp;gracias al SNS en la persona del doctor &nbsp;Mario Lama, quien ha garantizado un equipamiento total de las unidades de Cuidados Intensivos\u201d manifest\u00f3 Landr\u00f3n.<\/p>\n\n\n\n<p>De igual forma, el Landr\u00f3n inform\u00f3 que &nbsp;el centro de salud cuenta con camas especializadas, las cuales permiten chequear el peso del paciente para la colocaci\u00f3n de los medicamentos de acuerdo &nbsp;a las dosis indicadas en cada caso.<\/p>\n\n\n\n<p>El director estuvo acompa\u00f1ado por el Gerente General del \u00e1rea, &nbsp;doctor David Cuevas; la doctora Mait\u00e9 D\u00edaz, coordinadora de Cuidado Intensivos General &nbsp;y el doctor Luis Mar\u00eda Franjul, coordinador Cuidados intensivo de Neurocirug\u00eda junto a todo el personal que labora en estas unidades.<\/p>\n\n\n\n<p>El tambi\u00e9n Presidente de la Sociedad Dominicana de Ortopedia reiter\u00f3 el llamado a la poblaci\u00f3n a manejar con prudencia y respetar las leyes de tr\u00e1nsito.<\/p>\n\n\n\n<p>\u201cQuiero pedirle a la &nbsp;poblaci\u00f3n tener comedimiento; ya que la mayor\u00eda de los pacientes &nbsp;que se encuentran ingresados en ambas unidades de UCI son j\u00f3venes con edades entre 18 y 49 a\u00f1os, los cu\u00e1les est\u00e1n en una edad productiva; respetando las leyes de tr\u00e1nsito disminuiremos los afectados por esta casusa\u201d indic\u00f3 el especialista.<\/p>\n\n\n\n<p>Reiter\u00f3 adem\u00e1s el compromiso de brindar un servicio eficiente y de calidad a los usuarios.<br><strong><br>Fuente:  HOSPITAL TRAUMATOL\u00d3GICO NEY ARIAS LORA<br>GERENCIA DE COMUNICACI\u00d3N Y RELACIONES P\u00daBLICAS<\/strong><\/p>\n","protected":false},"excerpt":{"rendered":"<p>diariodominicano.com Santo Domingo, R. D., 16 de noviembre, 2021.- El Hospital Traumatol\u00f3gico Dr. Ney Arias Lora \u00a0cuenta con dos de las Unidades de Cuidados Intensivos m\u00e1s modernas y equipadas con la que cuenta la red p\u00fablica y privada del pa\u00eds. El director del centro de salud, doctor Julio Landr\u00f3n al realizar este lunes su acostumbrada [&hellip;]<\/p>\n","protected":false},"author":5,"featured_media":308541,"comment_status":"closed","ping_status":"","sticky":true,"template":"","format":"standard","meta":{"footnotes":""},"categories":[20,27],"tags":[],"class_list":["post-308538","post","type-post","status-publish","format-standard","has-post-thumbnail","hentry","category-dominicana-hoy","category-portada"],"_links":{"self":[{"href":"https:\/\/diariodominicano.com\/index.php?rest_route=\/wp\/v2\/posts\/308538","targetHints":{"allow":["GET"]}}],"collection":[{"href":"https:\/\/diariodominicano.com\/index.php?rest_route=\/wp\/v2\/posts"}],"about":[{"href":"https:\/\/diariodominicano.com\/index.php?rest_route=\/wp\/v2\/types\/post"}],"author":[{"embeddable":true,"href":"https:\/\/diariodominicano.com\/index.php?rest_route=\/wp\/v2\/users\/5"}],"replies":[{"embeddable":true,"href":"https:\/\/diariodominicano.com\/index.php?rest_route=%2Fwp%2Fv2%2Fcomments&post=308538"}],"version-history":[{"count":1,"href":"https:\/\/diariodominicano.com\/index.php?rest_route=\/wp\/v2\/posts\/308538\/revisions"}],"predecessor-version":[{"id":308542,"href":"https:\/\/diariodominicano.com\/index.php?rest_route=\/wp\/v2\/posts\/308538\/revisions\/308542"}],"wp:featuredmedia":[{"embeddable":true,"href":"https:\/\/diariodominicano.com\/index.php?rest_route=\/wp\/v2\/media\/308541"}],"wp:attachment":[{"href":"https:\/\/diariodominicano.com\/index.php?rest_route=%2Fwp%2Fv2%2Fmedia&parent=308538"}],"wp:term":[{"taxonomy":"category","embeddable":true,"href":"https:\/\/diariodominicano.com\/index.php?rest_route=%2Fwp%2Fv2%2Fcategories&post=308538"},{"taxonomy":"post_tag","embeddable":true,"href":"https:\/\/diariodominicano.com\/index.php?rest_route=%2Fwp%2Fv2%2Ftags&post=308538"}],"curies":[{"name":"wp","href":"https:\/\/api.w.org\/{rel}","templated":true}]}}