{"id":308486,"date":"2021-11-16T03:17:06","date_gmt":"2021-11-16T07:17:06","guid":{"rendered":"http:\/\/diariodominicano.com\/?p=308486"},"modified":"2021-11-16T03:20:44","modified_gmt":"2021-11-16T07:20:44","slug":"universidad-nyc-reconoce-periodista-ramon-mercedes","status":"publish","type":"post","link":"https:\/\/diariodominicano.com\/?p=308486","title":{"rendered":"Universidad NYC reconoce periodista Ram\u00f3n Mercedes"},"content":{"rendered":"\n<p><strong>Por Mavel Flores<\/strong><\/p>\n\n\n\n<p><strong>NUEVA YORK.-&nbsp;<\/strong>El periodista dominicano Ram\u00f3n Mercedes, quien escribe para este medio desde la Gran Manzana, fue reconocido por su \u00e9tica, transparencia y servicio a la comunidad, por la prestigiosa Universidad de Hostos, ubicada en El Bronx, el pasado fin de semana.<\/p>\n\n\n\n<p>Dicho reconocimiento le fue entregado por la presidente de la alta casa de estudio, doctora Daisy Cocco de Phillipis y la decana Ana Reyes.<\/p>\n\n\n\n<p>Cocco de Phillipis expres\u00f3: \u201cel periodista Mercedes es reconocido por todo el apoyo que ofrece, no solamente para Hostos, sino para toda la comunidad, es un trabajador infatigable para dar a conocer los valores nuestros y las construcciones nuestras y por su vida de servicio\u00bb.<\/p>\n\n\n\n<p>Dijo sentirse orgullosa de reconocer a un periodista dominicano, porque siempre siente orgullo de todos los que reconoce all\u00ed.&nbsp; &nbsp;&nbsp;<\/p>\n\n\n\n<p>Mientras que la decana Reyes manifest\u00f3: \u201cMercedes es reconocido por ser siempre solidario y estar disponible destacando los programas acad\u00e9micos de la Universidad, que deben salir al p\u00fablico y las personas saberlo\u201d.<\/p>\n\n\n\n<p>A\u00f1adi\u00f3 que \u201ccon dicho reconocimiento se engrandece el periodismo y la comunidad dominicana\u201d, as\u00ed que \u201cse debe seguir reconociendo la prensa, especialmente la dominicana, que siempre est\u00e1 ah\u00ed en momentos dif\u00edciles, bajo lluvia y trueno cubriendo los acontecimientos, diciendo presente y dando apoyo para que el p\u00fablico sepa cu\u00e1les son las noticias\u00bb.<\/p>\n\n\n\n<p>El reconocido comunicador dijo sentirse totalmente regocijado, henchido de placer porque una Universidad como Hostos, que tiene miles de estudiantes, prepar\u00e1ndolos para el presente y futuro, reconozca en nuestra persona el servicio que damos a la comunidad.<\/p>\n\n\n\n<p>Afirm\u00f3 que siempre se ha mantenido en contacto con la Universidad, a trav\u00e9s de la decana Ana Reyes, y con frecuencia destaca en reportajes la importancia que tiene ese centro de altos estudios para los j\u00f3venes no solamente de El Bronx.<\/p>\n\n\n\n<p>Sostuvo que con el reconocimiento que se le otorga se compromete a triplicar sus esfuerzos porque en la comunidad hacen falta muchos defensores ante tantas injusticias que se cometen contra ella, \u201cy si nosotros tenemos que desenvainar la espada de Damocles, la desenvainaremos para defenderla\u201d.<\/p>\n\n\n\n<p>Mercedes tambi\u00e9n ha sido reconocido por el Congreso de los Estados Unidos, el Senado y la Asamblea estatal de NY, las alcald\u00edas de las ciudades de NY y Paterson en NJ, y la filial del Colegio Dominicano de Periodistas (CDP) en NY.<\/p>\n\n\n\n<p>Recientemente, la Universidad reconoci\u00f3 durante la celebraci\u00f3n del Mes de la Herencia Hispana en los Estados Unidos, a los prestigiosos m\u00e9dicos dominicanos Bienvenido Fajardo y Ram\u00f3n Tallaj junto a Sarah Aponte, directora ejecutiva de la biblioteca del Instituto de Estudios Dominicanos, y al doctor Anderson Torres, presidente de la Agencia de Servicios Comunales RAIN. <\/p>\n\n\n\n<figure class=\"wp-block-embed is-type-video is-provider-youtube wp-block-embed-youtube wp-embed-aspect-16-9 wp-has-aspect-ratio\"><div class=\"wp-block-embed__wrapper\">\n<iframe loading=\"lazy\" title=\"Universidad NYC reconoce periodista Ramon Mercedes\" width=\"616\" height=\"347\" src=\"https:\/\/www.youtube.com\/embed\/EHIbZMeLJRc?feature=oembed\" frameborder=\"0\" allow=\"accelerometer; autoplay; clipboard-write; encrypted-media; gyroscope; picture-in-picture; web-share\" referrerpolicy=\"strict-origin-when-cross-origin\" allowfullscreen><\/iframe>\n<\/div><\/figure>\n","protected":false},"excerpt":{"rendered":"<p>Por Mavel Flores NUEVA YORK.-&nbsp;El periodista dominicano Ram\u00f3n Mercedes, quien escribe para este medio desde la Gran Manzana, fue reconocido por su \u00e9tica, transparencia y servicio a la comunidad, por la prestigiosa Universidad de Hostos, ubicada en El Bronx, el pasado fin de semana. Dicho reconocimiento le fue entregado por la presidente de la alta [&hellip;]<\/p>\n","protected":false},"author":7,"featured_media":308498,"comment_status":"closed","ping_status":"","sticky":true,"template":"","format":"standard","meta":{"footnotes":""},"categories":[23,27],"tags":[],"class_list":["post-308486","post","type-post","status-publish","format-standard","has-post-thumbnail","hentry","category-internacional","category-portada"],"_links":{"self":[{"href":"https:\/\/diariodominicano.com\/index.php?rest_route=\/wp\/v2\/posts\/308486","targetHints":{"allow":["GET"]}}],"collection":[{"href":"https:\/\/diariodominicano.com\/index.php?rest_route=\/wp\/v2\/posts"}],"about":[{"href":"https:\/\/diariodominicano.com\/index.php?rest_route=\/wp\/v2\/types\/post"}],"author":[{"embeddable":true,"href":"https:\/\/diariodominicano.com\/index.php?rest_route=\/wp\/v2\/users\/7"}],"replies":[{"embeddable":true,"href":"https:\/\/diariodominicano.com\/index.php?rest_route=%2Fwp%2Fv2%2Fcomments&post=308486"}],"version-history":[{"count":2,"href":"https:\/\/diariodominicano.com\/index.php?rest_route=\/wp\/v2\/posts\/308486\/revisions"}],"predecessor-version":[{"id":308492,"href":"https:\/\/diariodominicano.com\/index.php?rest_route=\/wp\/v2\/posts\/308486\/revisions\/308492"}],"wp:featuredmedia":[{"embeddable":true,"href":"https:\/\/diariodominicano.com\/index.php?rest_route=\/wp\/v2\/media\/308498"}],"wp:attachment":[{"href":"https:\/\/diariodominicano.com\/index.php?rest_route=%2Fwp%2Fv2%2Fmedia&parent=308486"}],"wp:term":[{"taxonomy":"category","embeddable":true,"href":"https:\/\/diariodominicano.com\/index.php?rest_route=%2Fwp%2Fv2%2Fcategories&post=308486"},{"taxonomy":"post_tag","embeddable":true,"href":"https:\/\/diariodominicano.com\/index.php?rest_route=%2Fwp%2Fv2%2Ftags&post=308486"}],"curies":[{"name":"wp","href":"https:\/\/api.w.org\/{rel}","templated":true}]}}