{"id":308448,"date":"2021-11-15T22:44:38","date_gmt":"2021-11-16T02:44:38","guid":{"rendered":"http:\/\/diariodominicano.com\/?p=308448"},"modified":"2021-11-15T22:44:38","modified_gmt":"2021-11-16T02:44:38","slug":"presidente-duque-senala-que-eln-muestra-su-barbarie-tras-entregar-cadaver-de-ex-alcalde-muerto-en-cautiverio","status":"publish","type":"post","link":"https:\/\/diariodominicano.com\/?p=308448","title":{"rendered":"Presidente Duque se\u00f1ala que ELN \u00abmuestra su barbarie\u00bb tras entregar cad\u00e1ver de ex alcalde muerto en cautiverio"},"content":{"rendered":"\n<p>diariodominicano.com<\/p>\n\n\n\n<pre id=\"text-news-description\" class=\"wp-block-preformatted\">   BOGOT\u00c1, 15 nov (Xinhua) -- El presidente colombiano, Iv\u00e1n Duque, se\u00f1al\u00f3 hoy que la guerrilla del Ej\u00e9rcito de Liberaci\u00f3n Nacional (ELN) \"muestra su barbarie\" tras entregar el cuerpo de Tulio Mosquera, exalcalde de la localidad de Alto Baud\u00f3, quien falleci\u00f3 en cautiverio luego de que fuera secuestrado por los rebeldes en 2019.\n   \"El ELN una vez m\u00e1s muestra su barbarie, su terrorismo y su degradaci\u00f3n absoluta con el vil asesinato de Tulio Mosquera. Quieren presentarse humanitarios entregando su cad\u00e1ver, pero est\u00e1 claro que su muerte es derivada de su macabro secuestro\", declar\u00f3 el jefe de Estado.\n   Mosquera fue secuestrado por esa guerrilla el 24 de agosto de 2019, en momentos en que estaba realizando proselitismo pol\u00edtico con el fin de volver nuevamente a la alcald\u00eda de Alto Baud\u00f3.\n   El pasado 5 de noviembre, el alto comisionado para paz, Juan Camilo Restrepo, inform\u00f3 del fallecimiento de exfuncionario en una zona selv\u00e1tica del Choc\u00f3 (noroeste), donde al parecer muri\u00f3 ahogado tras caer un r\u00edo.\n   Por su lado, el Comit\u00e9 Internacional de la Cruz Roja inform\u00f3 que una comisi\u00f3n humanitaria recibi\u00f3 el cad\u00e1ver en una zona rural de Choc\u00f3.\n   \"Este fin de semana participamos en la recuperaci\u00f3n humanitaria del cuerpo de una persona en zona rural de Choc\u00f3, el cual ser\u00e1 entregado a las autoridades forenses para su posterior identificaci\u00f3n y que pueda ser entregado a sus seres queridos\", inform\u00f3 el organismo humanitario en su cuenta de Twitter.\n   La familia del l\u00edder pol\u00edtico dijo que el ELN estaba exigiendo el pago de 3.000 millones de pesos (767.664 d\u00f3lares) por su liberaci\u00f3n.\n   El Gobierno del presidente Duque suspendi\u00f3 en 2019 los contactos de paz con la guerrilla del ELN, cuando ese grupo insurgente deton\u00f3 un coche bomba en una academia policial en Bogot\u00e1, donde murieron 22 uniformados y entre ellos una cadete ecuatoriana. <\/pre>\n","protected":false},"excerpt":{"rendered":"<p>diariodominicano.com BOGOT\u00c1, 15 nov (Xinhua) &#8212; El presidente colombiano, Iv\u00e1n Duque, se\u00f1al\u00f3 hoy que la guerrilla del Ej\u00e9rcito de Liberaci\u00f3n Nacional (ELN) \u00abmuestra su barbarie\u00bb tras entregar el cuerpo de Tulio Mosquera, exalcalde de la localidad de Alto Baud\u00f3, quien falleci\u00f3 en cautiverio luego de que fuera secuestrado por los rebeldes en 2019. \u00abEl ELN [&hellip;]<\/p>\n","protected":false},"author":5,"featured_media":308452,"comment_status":"closed","ping_status":"","sticky":true,"template":"","format":"standard","meta":{"footnotes":""},"categories":[23,27],"tags":[],"class_list":["post-308448","post","type-post","status-publish","format-standard","has-post-thumbnail","hentry","category-internacional","category-portada"],"_links":{"self":[{"href":"https:\/\/diariodominicano.com\/index.php?rest_route=\/wp\/v2\/posts\/308448","targetHints":{"allow":["GET"]}}],"collection":[{"href":"https:\/\/diariodominicano.com\/index.php?rest_route=\/wp\/v2\/posts"}],"about":[{"href":"https:\/\/diariodominicano.com\/index.php?rest_route=\/wp\/v2\/types\/post"}],"author":[{"embeddable":true,"href":"https:\/\/diariodominicano.com\/index.php?rest_route=\/wp\/v2\/users\/5"}],"replies":[{"embeddable":true,"href":"https:\/\/diariodominicano.com\/index.php?rest_route=%2Fwp%2Fv2%2Fcomments&post=308448"}],"version-history":[{"count":1,"href":"https:\/\/diariodominicano.com\/index.php?rest_route=\/wp\/v2\/posts\/308448\/revisions"}],"predecessor-version":[{"id":308453,"href":"https:\/\/diariodominicano.com\/index.php?rest_route=\/wp\/v2\/posts\/308448\/revisions\/308453"}],"wp:featuredmedia":[{"embeddable":true,"href":"https:\/\/diariodominicano.com\/index.php?rest_route=\/wp\/v2\/media\/308452"}],"wp:attachment":[{"href":"https:\/\/diariodominicano.com\/index.php?rest_route=%2Fwp%2Fv2%2Fmedia&parent=308448"}],"wp:term":[{"taxonomy":"category","embeddable":true,"href":"https:\/\/diariodominicano.com\/index.php?rest_route=%2Fwp%2Fv2%2Fcategories&post=308448"},{"taxonomy":"post_tag","embeddable":true,"href":"https:\/\/diariodominicano.com\/index.php?rest_route=%2Fwp%2Fv2%2Ftags&post=308448"}],"curies":[{"name":"wp","href":"https:\/\/api.w.org\/{rel}","templated":true}]}}