{"id":308406,"date":"2021-11-15T21:32:36","date_gmt":"2021-11-16T01:32:36","guid":{"rendered":"http:\/\/diariodominicano.com\/?p=308406"},"modified":"2021-11-15T21:32:36","modified_gmt":"2021-11-16T01:32:36","slug":"inicia-audiencia-de-apelacion-de-ex-primer-ministro-frances-fillon","status":"publish","type":"post","link":"https:\/\/diariodominicano.com\/?p=308406","title":{"rendered":"Inicia audiencia de apelaci\u00f3n de ex primer ministro franc\u00e9s Fillon"},"content":{"rendered":"\n<p>diariodominicano.com<a rel=\"noreferrer noopener\" href=\"https:\/\/www.xinhua-news.com\/gdsdetailxhs\/share\/10609902-?pageflag=iframe\" target=\"_blank\"><\/a><\/p>\n\n\n\n<pre id=\"text-news-description\" class=\"wp-block-preformatted\">   PAR\u00cdS, 15 nov (Xinhua) -- La primera audiencia de apelaci\u00f3n del ex primer ministro franc\u00e9s Francois Fillon contra su condena por malversaci\u00f3n de fondos p\u00fablicos inici\u00f3 esta tarde en un tribunal de Par\u00eds, informaron medios locales.\n   En 2020, Fillon fue condenado por malversaci\u00f3n por la creaci\u00f3n de un empleo falso para su esposa.\n   De acuerdo con varios diarios franceses, el primer d\u00eda de esta audiencia es sobre todo para  procedimientos formales y ahora el caso ser\u00e1 estudiado por el juez hasta el 30 de noviembre.\n   Investigadores descubrieron que entre 1998 y 2013, Penelope Fillon recibi\u00f3 ingresos netos por 613.000 euros a trav\u00e9s de tres contratos conocidos s\u00f3lo por aliados muy cercanos de su esposo, aunque hubo poca evidencia documental sobre su trabajo real.\n   Francois Fillon insisti\u00f3 en que Penelope fue su empleada m\u00e1s importante y que trabaj\u00f3 para \u00e9l en su circunscripci\u00f3n rural de Sarthe.\n   El a\u00f1o pasado, Francois y Penelope Fillon fueron sentenciados a cinco a\u00f1os de prisi\u00f3n con una condena suspendida de tres a\u00f1os, y a una sentencia suspendida de tres a\u00f1os, respectivamente.\n   Ambos fueron multados con 375.000 euros (unos 420.000 d\u00f3lares). Francois Fillon tambi\u00e9n fue condenado a diez a\u00f1os de inhabilitaci\u00f3n para cargos p\u00fablicos y su esposa a dos a\u00f1os. <\/pre>\n","protected":false},"excerpt":{"rendered":"<p>diariodominicano.com PAR\u00cdS, 15 nov (Xinhua) &#8212; La primera audiencia de apelaci\u00f3n del ex primer ministro franc\u00e9s Francois Fillon contra su condena por malversaci\u00f3n de fondos p\u00fablicos inici\u00f3 esta tarde en un tribunal de Par\u00eds, informaron medios locales. En 2020, Fillon fue condenado por malversaci\u00f3n por la creaci\u00f3n de un empleo falso para su esposa. De [&hellip;]<\/p>\n","protected":false},"author":5,"featured_media":308410,"comment_status":"closed","ping_status":"","sticky":true,"template":"","format":"standard","meta":{"footnotes":""},"categories":[23,27],"tags":[],"class_list":["post-308406","post","type-post","status-publish","format-standard","has-post-thumbnail","hentry","category-internacional","category-portada"],"_links":{"self":[{"href":"https:\/\/diariodominicano.com\/index.php?rest_route=\/wp\/v2\/posts\/308406","targetHints":{"allow":["GET"]}}],"collection":[{"href":"https:\/\/diariodominicano.com\/index.php?rest_route=\/wp\/v2\/posts"}],"about":[{"href":"https:\/\/diariodominicano.com\/index.php?rest_route=\/wp\/v2\/types\/post"}],"author":[{"embeddable":true,"href":"https:\/\/diariodominicano.com\/index.php?rest_route=\/wp\/v2\/users\/5"}],"replies":[{"embeddable":true,"href":"https:\/\/diariodominicano.com\/index.php?rest_route=%2Fwp%2Fv2%2Fcomments&post=308406"}],"version-history":[{"count":1,"href":"https:\/\/diariodominicano.com\/index.php?rest_route=\/wp\/v2\/posts\/308406\/revisions"}],"predecessor-version":[{"id":308411,"href":"https:\/\/diariodominicano.com\/index.php?rest_route=\/wp\/v2\/posts\/308406\/revisions\/308411"}],"wp:featuredmedia":[{"embeddable":true,"href":"https:\/\/diariodominicano.com\/index.php?rest_route=\/wp\/v2\/media\/308410"}],"wp:attachment":[{"href":"https:\/\/diariodominicano.com\/index.php?rest_route=%2Fwp%2Fv2%2Fmedia&parent=308406"}],"wp:term":[{"taxonomy":"category","embeddable":true,"href":"https:\/\/diariodominicano.com\/index.php?rest_route=%2Fwp%2Fv2%2Fcategories&post=308406"},{"taxonomy":"post_tag","embeddable":true,"href":"https:\/\/diariodominicano.com\/index.php?rest_route=%2Fwp%2Fv2%2Ftags&post=308406"}],"curies":[{"name":"wp","href":"https:\/\/api.w.org\/{rel}","templated":true}]}}