{"id":308349,"date":"2021-11-15T20:27:48","date_gmt":"2021-11-16T00:27:48","guid":{"rendered":"https:\/\/diariodominicano.com\/?p=308349"},"modified":"2021-11-15T20:28:43","modified_gmt":"2021-11-16T00:28:43","slug":"adn-y-agente-de-remesas-y-cambio-vimenca-suscriben-acuerdo-para-crear-monumento-a-la-diaspora-dominicana","status":"publish","type":"post","link":"https:\/\/diariodominicano.com\/?p=308349","title":{"rendered":"ADN y Agente de Remesas y Cambio Vimenca suscriben acuerdo para crear \u201cMonumento a la Di\u00e1spora Dominicana\u201d"},"content":{"rendered":"\n<p><em>                                                                                                             <strong>                                                                                                                                                                                             <\/strong>                                                                                                  <\/em><\/p>\n\n\n\n<p><a rel=\"noreferrer noopener\" href=\"https:\/\/we.tl\/t-Hbx8Ga480c\" target=\"_blank\">             <\/a> <a rel=\"noreferrer noopener\" href=\"https:\/\/we.tl\/t-Hbx8Ga480c\" target=\"_blank\"> <\/a>li<a rel=\"noreferrer noopener\" href=\"https:\/\/we.tl\/t-Hbx8Ga480c\" target=\"_blank\"> <\/a>nk v <a rel=\"noreferrer noopener\" href=\"https:\/\/we.tl\/t-Hbx8Ga480c\" target=\"_blank\">   <\/a>ideo:<a rel=\"noreferrer noopener\" href=\"https:\/\/we.tl\/t-Hbx8Ga480c\" target=\"_blank\"> ttps:\/\/we.tl\/t-Hbx8Ga480c<\/a><\/p>\n\n\n\n<p><strong>Santo Domingo, RD, 15 de noviembre de 2021.- <\/strong> La Alcald\u00eda del Distrito Nacional (ADN) y Agente de Remesas y Cambio Vimenca han suscrito este lunes un acuerdo de cooperaci\u00f3n                                                                                                                                                                                                                                                                              interinstitucional mediante el cual desarrollar\u00e1n el proyecto \u201cMonumento a la Di\u00e1spora Dominicana\u201d, que consiste en el mejoramiento integral y revitalizaci\u00f3n del espacio p\u00fablico en el margen este del cruce formado por las avenidas Abraham Lincoln y Bol\u00edvar.<\/p>\n\n\n\n<p>El monumento contar\u00e1 con un dise\u00f1o urbano que revitalizar\u00e1 esta \u00e1rea y con est\u00e1ndares de construcci\u00f3n dise\u00f1ados para resistir fen\u00f3menos naturales, inform\u00f3 la <strong>Direcci\u00f3n de Comunicaciones<\/strong> del Ayuntamiento del Distrito Nacional.<\/p>\n\n\n\n<p>El dise\u00f1o ha sido obra del escultor dominicano Ezequiel Taveras, quien plasma su visi\u00f3n del emigrante dominicano, ya que este reside en la ciudad de New York, EEUU. El proyecto va acompa\u00f1ado del dise\u00f1o urbanista a cargo del arquitecto Marcos Barinas. El monumento ser\u00e1 inaugurado a mediados del 2022.<\/p>\n\n\n\n<p>El acto de firma, realizado en el Palacio Consistorial de Ciudad Colonial, fue encabezado por la alcaldesa Carolina Mej\u00eda y Giselle M\u00e9ndez Saba, vicepresidenta ejecutiva senior de Agente de Remesas y Cambio Vimenca. Tambi\u00e9n estuvieron presentes Giselle Marie M\u00e9ndez Sued, vicepresidenta de Negocios y Operaciones de Agente de Remesas y Cambio Vimenca; V\u00edctor Virgilio M\u00e9ndez Saba, presidente de Banco Vimenca; Christina De Los Santos, vicepresidenta de Mercadeo de Grupo Vimenca; Jocelle Heinsen, directora de Comunicaciones y Mercadeo de Grupo Vimenca; Marcos Barinas, arquitecto y planificador urbano. Desde la ADN asistieron el secretario t\u00e9cnico, Jes\u00fas D\u2019Alessandro; el director Jur\u00eddico, Ricardo Ayanes; la directora de Comunicaciones, Elizabeth Mateo, el director de Planeamiento Urbano, Mayobanex Suazo; la gobernadora del Palacio Consistorial, Beatriz Gonz\u00e1lez.<\/p>\n\n\n\n<p>La alcaldesa Carolina Mej\u00eda agradeci\u00f3 a Agente de Remesas y Cambio Vimenca por asumir este proyecto de ciudad y el compromiso de apoyar al gobierno municipal en brindar mejores condiciones de vida a la ciudadan\u00eda.<\/p>\n\n\n\n<p>\u201cEste monumento adem\u00e1s de honrar a nuestra gente, a nuestros emigrantes, que se van sin conocer nada, con sue\u00f1os, con esperanzas, con \u00e1nimo y una capacidad de trabajo extraordinaria, m\u00e1s que honrarlos este es un monumento que honra el amor, el amor que siempre sienten por su patria, por su gente\u201d, manifest\u00f3 la titular del cabildo.<\/p>\n\n\n\n<p>De su parte, Giselle Marie M\u00e9ndez Sued, vicepresidenta de Negocios y Operaciones de Vimenca, busca destacar los anhelos, determinaci\u00f3n y adaptabilidad constante de los dominicanos que emigran.<\/p>\n\n\n\n<p>\u201cNuestra esperanza con esta obra es que cualquiera que viva fuera o que tenga un ser querido lejos, se identifique con el monumento y los sentimientos que queremos transmitir a trav\u00e9s de \u00e9l. Y que nuestros y nuestras compatriotas en la di\u00e1spora sepan que les reconocemos su valor, su trabajo, su amor eterno a su pa\u00eds a la distancia\u201d, sostuvo M\u00e9ndez Sued.<\/p>\n\n\n\n<p>Esta iniciativa responde al compromiso de ADN de mejorar la caminabilidad de la ciudad y as\u00ed elevar la calidad de vida de sus habitantes y visitantes, asimismo se corresponde con la larga trayectoria de excelentes pr\u00e1cticas corporativas de Grupo Vimenca, responsabilidad social y compromiso con el embellecimiento y desarrollo de la ciudad de Santo Domingo.<\/p>\n\n\n\n<p><\/p>\n\n\n\n<p><strong>Direcci\u00f3n de Comunicaciones ADN<\/strong><\/p>\n\n\n\n<p><strong>15 de noviembre, 2021<\/strong><\/p>\n","protected":false},"excerpt":{"rendered":"<p>li nk v ideo: ttps:\/\/we.tl\/t-Hbx8Ga480c Santo Domingo, RD, 15 de noviembre de 2021.- La Alcald\u00eda del Distrito Nacional (ADN) y Agente de Remesas y Cambio Vimenca han suscrito este lunes un acuerdo de cooperaci\u00f3n interinstitucional mediante el cual desarrollar\u00e1n el proyecto \u201cMonumento a la Di\u00e1spora Dominicana\u201d, que consiste en el mejoramiento integral y revitalizaci\u00f3n del [&hellip;]<\/p>\n","protected":false},"author":28,"featured_media":308352,"comment_status":"closed","ping_status":"","sticky":true,"template":"","format":"standard","meta":{"footnotes":""},"categories":[25,27],"tags":[],"class_list":["post-308349","post","type-post","status-publish","format-standard","has-post-thumbnail","hentry","category-gente","category-portada"],"_links":{"self":[{"href":"https:\/\/diariodominicano.com\/index.php?rest_route=\/wp\/v2\/posts\/308349","targetHints":{"allow":["GET"]}}],"collection":[{"href":"https:\/\/diariodominicano.com\/index.php?rest_route=\/wp\/v2\/posts"}],"about":[{"href":"https:\/\/diariodominicano.com\/index.php?rest_route=\/wp\/v2\/types\/post"}],"author":[{"embeddable":true,"href":"https:\/\/diariodominicano.com\/index.php?rest_route=\/wp\/v2\/users\/28"}],"replies":[{"embeddable":true,"href":"https:\/\/diariodominicano.com\/index.php?rest_route=%2Fwp%2Fv2%2Fcomments&post=308349"}],"version-history":[{"count":3,"href":"https:\/\/diariodominicano.com\/index.php?rest_route=\/wp\/v2\/posts\/308349\/revisions"}],"predecessor-version":[{"id":308355,"href":"https:\/\/diariodominicano.com\/index.php?rest_route=\/wp\/v2\/posts\/308349\/revisions\/308355"}],"wp:featuredmedia":[{"embeddable":true,"href":"https:\/\/diariodominicano.com\/index.php?rest_route=\/wp\/v2\/media\/308352"}],"wp:attachment":[{"href":"https:\/\/diariodominicano.com\/index.php?rest_route=%2Fwp%2Fv2%2Fmedia&parent=308349"}],"wp:term":[{"taxonomy":"category","embeddable":true,"href":"https:\/\/diariodominicano.com\/index.php?rest_route=%2Fwp%2Fv2%2Fcategories&post=308349"},{"taxonomy":"post_tag","embeddable":true,"href":"https:\/\/diariodominicano.com\/index.php?rest_route=%2Fwp%2Fv2%2Ftags&post=308349"}],"curies":[{"name":"wp","href":"https:\/\/api.w.org\/{rel}","templated":true}]}}