{"id":308348,"date":"2021-11-15T20:27:19","date_gmt":"2021-11-16T00:27:19","guid":{"rendered":"http:\/\/diariodominicano.com\/?p=308348"},"modified":"2021-11-15T20:27:19","modified_gmt":"2021-11-16T00:27:19","slug":"tiroteo-en-colorado-deja-cinco-adolescentes-heridos","status":"publish","type":"post","link":"https:\/\/diariodominicano.com\/?p=308348","title":{"rendered":"Tiroteo en Colorado deja cinco adolescentes heridos"},"content":{"rendered":"\n<p>diariodominicano.com<a rel=\"noreferrer noopener\" href=\"https:\/\/www.xinhua-news.com\/gdsdetailxhs\/share\/10609945-?pageflag=iframe\" target=\"_blank\"><\/a><\/p>\n\n\n\n<pre id=\"text-news-description\" class=\"wp-block-preformatted\">   LOS \u00c1NGELES, 15 nov (Xinhua) -- Cinco adolescentes resultaron heridos en un tiroteo ocurrido hoy en un parque en Aurora, en el estado de Colorado, Estados Unidos, indic\u00f3 la polic\u00eda.\n   El tiroteo ocurri\u00f3 a mediod\u00eda en el parque Nome, cerca de la Escuela Secundaria Central de Aurora, se\u00f1al\u00f3 el departamento de polic\u00eda.\n   Un total de cinco personas, de 14 a 17 a\u00f1os, fueron trasladadas a un hospital despu\u00e9s del tiroteo, indic\u00f3 el departamento de polic\u00eda en Twitter.\n   El departamento se\u00f1al\u00f3 que el incidente no ocurri\u00f3 dentro de la escuela, sino al norte, en el parque Nome. La polic\u00eda hab\u00eda tuiteado en un principio que la secundaria hab\u00eda sido cerrada, pero luego dijo que la escuela s\u00f3lo se encontraba sometida a un per\u00edmetro de seguridad.\n   La polic\u00eda dijo que a\u00fan se desconoce la identidad del sospechoso, quien ya no se encuentra en el lugar de los hechos. <\/pre>\n","protected":false},"excerpt":{"rendered":"<p>diariodominicano.com LOS \u00c1NGELES, 15 nov (Xinhua) &#8212; Cinco adolescentes resultaron heridos en un tiroteo ocurrido hoy en un parque en Aurora, en el estado de Colorado, Estados Unidos, indic\u00f3 la polic\u00eda. El tiroteo ocurri\u00f3 a mediod\u00eda en el parque Nome, cerca de la Escuela Secundaria Central de Aurora, se\u00f1al\u00f3 el departamento de polic\u00eda. Un total [&hellip;]<\/p>\n","protected":false},"author":5,"featured_media":308350,"comment_status":"closed","ping_status":"","sticky":true,"template":"","format":"standard","meta":{"footnotes":""},"categories":[23,27],"tags":[],"class_list":["post-308348","post","type-post","status-publish","format-standard","has-post-thumbnail","hentry","category-internacional","category-portada"],"_links":{"self":[{"href":"https:\/\/diariodominicano.com\/index.php?rest_route=\/wp\/v2\/posts\/308348","targetHints":{"allow":["GET"]}}],"collection":[{"href":"https:\/\/diariodominicano.com\/index.php?rest_route=\/wp\/v2\/posts"}],"about":[{"href":"https:\/\/diariodominicano.com\/index.php?rest_route=\/wp\/v2\/types\/post"}],"author":[{"embeddable":true,"href":"https:\/\/diariodominicano.com\/index.php?rest_route=\/wp\/v2\/users\/5"}],"replies":[{"embeddable":true,"href":"https:\/\/diariodominicano.com\/index.php?rest_route=%2Fwp%2Fv2%2Fcomments&post=308348"}],"version-history":[{"count":1,"href":"https:\/\/diariodominicano.com\/index.php?rest_route=\/wp\/v2\/posts\/308348\/revisions"}],"predecessor-version":[{"id":308351,"href":"https:\/\/diariodominicano.com\/index.php?rest_route=\/wp\/v2\/posts\/308348\/revisions\/308351"}],"wp:featuredmedia":[{"embeddable":true,"href":"https:\/\/diariodominicano.com\/index.php?rest_route=\/wp\/v2\/media\/308350"}],"wp:attachment":[{"href":"https:\/\/diariodominicano.com\/index.php?rest_route=%2Fwp%2Fv2%2Fmedia&parent=308348"}],"wp:term":[{"taxonomy":"category","embeddable":true,"href":"https:\/\/diariodominicano.com\/index.php?rest_route=%2Fwp%2Fv2%2Fcategories&post=308348"},{"taxonomy":"post_tag","embeddable":true,"href":"https:\/\/diariodominicano.com\/index.php?rest_route=%2Fwp%2Fv2%2Ftags&post=308348"}],"curies":[{"name":"wp","href":"https:\/\/api.w.org\/{rel}","templated":true}]}}