{"id":308322,"date":"2021-11-15T18:11:11","date_gmt":"2021-11-15T22:11:11","guid":{"rendered":"http:\/\/diariodominicano.com\/?p=308322"},"modified":"2021-11-15T18:11:11","modified_gmt":"2021-11-15T22:11:11","slug":"el-comite-politico-del-pld-aprueba-puntos-del-acuerdo-entre-aspirantes-a-la-candidatura-presidencial-envia-otros-a-comision-especial","status":"publish","type":"post","link":"https:\/\/diariodominicano.com\/?p=308322","title":{"rendered":"El Comit\u00e9 Pol\u00edtico del PLD aprueba puntos del acuerdo entre aspirantes a la candidatura presidencial. Env\u00eda otros a  comisi\u00f3n especial"},"content":{"rendered":"\n<p><strong>Santo Domingo, RD, 15 de noviembre de 2021.- <\/strong>El Comit\u00e9 Pol\u00edtico (C.P.) del Partido de la Liberaci\u00f3n Dominicana (PLD) decidi\u00f3 entre otros aspectos retomar el tema de los acuerdos entre los aspirantes a la candidatura presidencial de esa organizaci\u00f3n en una franca discusi\u00f3n con ellos y la comisi\u00f3n designada por el organismo de direcci\u00f3n pol\u00edtica para afinar\u00a0 los\u00a0 detalles contemplados en un documento que sustentar\u00e1 el convenio o pacto a firmar, inform\u00f3 la tarde del  lunes la Secretar\u00eda de Comunicaciones del PLD.<\/p>\n\n\n\n<p>Precis\u00f3 que por r igual en el encuentro de este lunes se decidi\u00f3 conformar la comisi\u00f3n universitaria, que ser\u00e1 presidida por Johnny Pujols, miembro del Comit\u00e9 Pol\u00edtico y adem\u00e1s, \u00a0respondiendo a la invitaci\u00f3n del Foro de Partidos Pol\u00edticos de la Rep\u00fablica Dominicana (FOPPPREDOM), se decidi\u00f3 solicitarle que le permita al PLD participar en dicho foro en calidad de observadores.<\/p>\n\n\n\n<p>A estas conclusiones arrib\u00f3 el Comit\u00e9 Pol\u00edtico en su encuentro de este lunes que formalmente inici\u00f3 a las 10 y 20 minutos de la ma\u00f1ana con la participaci\u00f3n de 40 de los 45 miembros y concluy\u00f3 a las 2.35 de la tarde.<\/p>\n\n\n\n<p>Al finalizar la reuni\u00f3n Charles Mariotti, Secretario General del PLD, \u00a0resumi\u00f3 las conclusiones arribadas en la reuni\u00f3n \u00a0junto a Plutarco P\u00e9rez, Vicesecretario General, los miembros del Comit\u00e9 Pol\u00edtico V\u00edctor Suarez, Johnny Pujols, Cristina Lizardo, Rafael Paz, y Jos\u00e9 Dant\u00e9s D\u00edaz. \u00a0\u00a0\u00a0<\/p>\n\n\n\n<p>Antes de dar a conocer las resoluciones Mariotti calific\u00f3 el encuentro de fruct\u00edfero por la calidad de los enfoques y el ejercicio democr\u00e1tico de los integrantes del organismo de direcci\u00f3n pol\u00edtica del PLD.<\/p>\n\n\n\n<p>\u201cSe acord\u00f3 volver a la comisi\u00f3n que se conform\u00f3 &nbsp;para que las y &nbsp;los aspirantes a la candidata presidencial &nbsp;&nbsp;discutan con los designados por el Comit\u00e9 Pol\u00edtico el acuerdo del cual se ha hablado en virtud de que Francisco Dom\u00ednguez Brito tramit\u00f3 &nbsp;un documento, que se envi\u00f3 a comisi\u00f3n para fines de discusi\u00f3n\u201d, explic\u00f3 Mariotti.<\/p>\n\n\n\n<p>Adelant\u00f3 que los puntos de consenso del acuerdo entre los aspirantes a la candidatura presidencial del PLD quedaron aprobados, dejando pendiente otros puntos&nbsp; para ser discutidos en comisi\u00f3n los que ser\u00e1n &nbsp;aprobados definitivamente en la reuni\u00f3n del Comit\u00e9 Pol\u00edtico, pautada para el lunes 6 de diciembre en horas de la ma\u00f1ana. &nbsp;<\/p>\n\n\n\n<p>Cit\u00f3 entre los puntos aprobados \u201cescoger o preseleccionar a nuestro candidato o candidata en octubre del a\u00f1o 2022, a m\u00e1s tardar en octubre del 2022 (reiter\u00f3), &nbsp;y que hasta prueba en contrario, &nbsp;esa elecci\u00f3n se realizar\u00eda en un proceso de primarias abiertas, similar al proceso en el cual se escogi\u00f3 al compa\u00f1ero Gonzalo Castillo, candidato a la Presidencia de la Republica\u201d.<\/p>\n\n\n\n<p>Luego del retiro de la representaci\u00f3n de los medios de comunicaci\u00f3n que tomaron las im\u00e1genes del comienzo, siendo las 10 y 20 minutos de la ma\u00f1ana y antes del punto de los Informes, Euclides Guti\u00e9rrez F\u00e9lix solicit\u00f3 guardar un minuto de silencio como homenaje &nbsp;al fenecido Juan de los Santos P\u00e9rez (Charli), sepultado la tarde del domingo 14 de noviembre al fallecer en la v\u00edspera, como consecuencia de una&nbsp; enfermedad&nbsp; hep\u00e1tica.<\/p>\n\n\n\n<p>El pedimento de Guti\u00e9rrez F\u00e9lix fue acogido y de inmediato bajo la direcci\u00f3n del ex Presidente de la Rep\u00fablica, Danilo Medina, todos de pie rindieron tributo al integrante del equipo de seguridad del PLD fallecido.<\/p>\n\n\n\n<p><strong>Otras decisiones del Comit\u00e9 Pol\u00edtico<\/strong><\/p>\n\n\n\n<p>Igualmente Charles Mariotti&nbsp; dio a conocer que el CP del PLD &nbsp;escogi\u00f3 la Comisi\u00f3n Universitaria; &nbsp;asumiendo un mandato estatutario, que estar\u00e1 presidida por Johnny Pujols, con la responsabilidad de&nbsp; coordinar &nbsp;todo lo que tiene que ver con la vida de las universidades en sentido general y &nbsp;de manera particular con la Universidad Aut\u00f3noma de Santo Domingo (UASD).<\/p>\n\n\n\n<p>Asimismo el Comit\u00e9 Pol\u00edtico acord\u00f3 solicitar al&nbsp;&nbsp;Foro de Partidos Pol\u00edticos de la Rep\u00fablica Dominicana (FOPPPREDOM), &nbsp;que le permita al PLD participar en dicho foro en calidad de observador.<\/p>\n\n\n\n<p>&nbsp;Adelant\u00f3 que el martes (16 de noviembre) &nbsp;estar\u00e1n enviando una comunicaci\u00f3n al Presidente actual del Foro, &nbsp;Juan Cohen y a su Secretario General, &nbsp;Jos\u00e9 Francisco Pe\u00f1a Guaba, &nbsp;solicitando su venia para participar en sus encuentros en calidad de observador.<\/p>\n\n\n\n<p>Sobre el tema relativo a la situaci\u00f3n del vecino Hait\u00ed, Charles Mariotti record\u00f3 que el Partido de la Liberaci\u00f3n Dominicana respondi\u00f3 al llamado del Gobierno para abordar ese tema en un encuentro con representaciones de otros partidos pol\u00edticos y sectores sociales y del empresariado.<\/p>\n\n\n\n<p>\u201cEsta misma tarde nuestros comisionados, Julio Cesar Valent\u00edn, Sigfrido Pared P\u00e9rez e Yv\u00e1n Lorenzo, vuelven a la reuni\u00f3n convocada por el Gobierno en donde se fijar\u00e1n posiciones y recomendaciones de la mano con el Gobierno\u201d, concluy\u00f3.<\/p>\n\n\n\n<p><strong>SECRETARIA DE COMUNICACIONES<\/strong><\/p>\n\n\n\n<p><strong>15 DE NOVIEMBRE, 2021<\/strong><\/p>\n","protected":false},"excerpt":{"rendered":"<p>Santo Domingo, RD, 15 de noviembre de 2021.- El Comit\u00e9 Pol\u00edtico (C.P.) del Partido de la Liberaci\u00f3n Dominicana (PLD) decidi\u00f3 entre otros aspectos retomar el tema de los acuerdos entre los aspirantes a la candidatura presidencial de esa organizaci\u00f3n en una franca discusi\u00f3n con ellos y la comisi\u00f3n designada por el organismo de direcci\u00f3n pol\u00edtica [&hellip;]<\/p>\n","protected":false},"author":28,"featured_media":308323,"comment_status":"closed","ping_status":"","sticky":true,"template":"","format":"standard","meta":{"footnotes":""},"categories":[22,27],"tags":[],"class_list":["post-308322","post","type-post","status-publish","format-standard","has-post-thumbnail","hentry","category-politica","category-portada"],"_links":{"self":[{"href":"https:\/\/diariodominicano.com\/index.php?rest_route=\/wp\/v2\/posts\/308322","targetHints":{"allow":["GET"]}}],"collection":[{"href":"https:\/\/diariodominicano.com\/index.php?rest_route=\/wp\/v2\/posts"}],"about":[{"href":"https:\/\/diariodominicano.com\/index.php?rest_route=\/wp\/v2\/types\/post"}],"author":[{"embeddable":true,"href":"https:\/\/diariodominicano.com\/index.php?rest_route=\/wp\/v2\/users\/28"}],"replies":[{"embeddable":true,"href":"https:\/\/diariodominicano.com\/index.php?rest_route=%2Fwp%2Fv2%2Fcomments&post=308322"}],"version-history":[{"count":1,"href":"https:\/\/diariodominicano.com\/index.php?rest_route=\/wp\/v2\/posts\/308322\/revisions"}],"predecessor-version":[{"id":308324,"href":"https:\/\/diariodominicano.com\/index.php?rest_route=\/wp\/v2\/posts\/308322\/revisions\/308324"}],"wp:featuredmedia":[{"embeddable":true,"href":"https:\/\/diariodominicano.com\/index.php?rest_route=\/wp\/v2\/media\/308323"}],"wp:attachment":[{"href":"https:\/\/diariodominicano.com\/index.php?rest_route=%2Fwp%2Fv2%2Fmedia&parent=308322"}],"wp:term":[{"taxonomy":"category","embeddable":true,"href":"https:\/\/diariodominicano.com\/index.php?rest_route=%2Fwp%2Fv2%2Fcategories&post=308322"},{"taxonomy":"post_tag","embeddable":true,"href":"https:\/\/diariodominicano.com\/index.php?rest_route=%2Fwp%2Fv2%2Ftags&post=308322"}],"curies":[{"name":"wp","href":"https:\/\/api.w.org\/{rel}","templated":true}]}}