{"id":308317,"date":"2021-11-15T17:59:03","date_gmt":"2021-11-15T21:59:03","guid":{"rendered":"http:\/\/diariodominicano.com\/?p=308317"},"modified":"2021-11-15T18:01:39","modified_gmt":"2021-11-15T22:01:39","slug":"condenan-a-30-anos-de-prision-a-dos-asaltantes-que-mataron-a-un-comerciante-frente-a-su-hijo","status":"publish","type":"post","link":"https:\/\/diariodominicano.com\/?p=308317","title":{"rendered":"Condenan a 30 a\u00f1os de prisi\u00f3n a dos asaltantes que mataron a un comerciante frente a su hijo"},"content":{"rendered":"\n<p> Los sentenciados son Junior El\u00edas Moreta, alias El Flaco, y Santo Oc<strong>tavio Can\u00f3 P\u00e9rez, alias Manauris, de 33 y 35 a\u00f1os de edad, respectivamente, a quienes los jueces del Primer Tribunal Colegiado de esta jurisdicci\u00f3n declararon culpables por haber dado muerte a Dioris Eliezer Mart\u00ednez para quitarle sus pertenencias.<\/strong> <\/p>\n\n\n\n<p><strong>SANTO DOMINGO,  Rep\u00fablica Dominicana.-<\/strong>\u00a0La Fiscal\u00eda de Santo Domingo Este obtuvo una condena de 30 a\u00f1os de prisi\u00f3n para dos de siete hombres que en medio de un asalto le quitaron la vida a un comerciante que andaba en compa\u00f1\u00eda de su hijo de 12 a\u00f1os de edad, en el sector Los Frailes I.<\/p>\n\n\n\n<p><\/p>\n\n\n\n<p><\/p>\n\n\n\n<p>Los sentenciados son Junior El\u00edas Moreta, alias El Flaco, y Santo Octavio Can\u00f3 P\u00e9rez, alias Manauris, de 33 y 35 a\u00f1os de edad, respectivamente, a quienes los jueces del Primer Tribunal Colegiado de esta jurisdicci\u00f3n declararon culpables por haber dado muerte a Dioris Eliezer Mart\u00ednez para quitarle sus pertenencias.<\/p>\n\n\n\n<p>Adem\u00e1s de la pena privativa de libertad, que deber\u00e1n cumplir en el recinto de La Victoria, los hoy condenados deber\u00e1n pagar dos millones de pesos en indemnizaci\u00f3n a favor de los parientes del occiso.<\/p>\n\n\n\n<p>Seg\u00fan el expediente acusatorio, el 8 de febrero de 2018, aproximadamente a las 12:00 de la medianoche, el grupo intercept\u00f3 al comerciante luego de que estacionara su veh\u00edculo para ingresar a su vivienda junto a su hijo menor de edad, en el sector Los Frailes I, de Santo Domingo Este.<\/p>\n\n\n\n<p>Cuando Mart\u00ednez intent\u00f3 ahuyentar a sus atacantes con un arma de fuego, los delincuentes arremetieron contra \u00e9l, quien recibi\u00f3 12 impactos de bala y muri\u00f3 en el acto.<\/p>\n\n\n\n<p>Los ladrones se llevaron la pistola y otros objetos de valor y se dieron a la fuga en el veh\u00edculo de su v\u00edctima, el cual ten\u00eda colocado un dispositivo localizador o GPS, por lo que fueron perseguidos y apresados dos de ellos.<\/p>\n\n\n\n<p>Moreta y Can\u00f3 P\u00e9rez actuaron junto a otros hombres conocidos como Tato, Jailin, Hansel, Morenito y El Gordo, quienes permanecen pr\u00f3fugos.<\/p>\n\n\n\n<p>El Ministerio P\u00fablico asign\u00f3 a estos hechos la calificaci\u00f3n jur\u00eddica contenida en los art\u00edculos 265, 266, 295, 296, 379, 381, 382, 385 y&nbsp;386-1 del C\u00f3digo Penal Dominicano, que tipifican y sancionan la asociaci\u00f3n de malhechores, robo agravado y homicidio.<\/p>\n\n\n\n<p><strong>Direcci\u00f3n de Comunicaci\u00f3n y Prensa<\/strong><\/p>\n\n\n\n<p><strong>Procuradur\u00eda General-Ministerio P\u00fablico RD<\/strong><\/p>\n\n\n\n<p><strong>Lunes, 15 de noviembre de 2021.<\/strong><\/p>\n","protected":false},"excerpt":{"rendered":"<p>Los sentenciados son Junior El\u00edas Moreta, alias El Flaco, y Santo Octavio Can\u00f3 P\u00e9rez, alias Manauris, de 33 y 35 a\u00f1os de edad, respectivamente, a quienes los jueces del Primer Tribunal Colegiado de esta jurisdicci\u00f3n declararon culpables por haber dado muerte a Dioris Eliezer Mart\u00ednez para quitarle sus pertenencias. SANTO DOMINGO, Rep\u00fablica Dominicana.-\u00a0La Fiscal\u00eda de [&hellip;]<\/p>\n","protected":false},"author":28,"featured_media":308319,"comment_status":"closed","ping_status":"","sticky":true,"template":"","format":"standard","meta":{"footnotes":""},"categories":[24,27],"tags":[],"class_list":["post-308317","post","type-post","status-publish","format-standard","has-post-thumbnail","hentry","category-justicia-y-derecho","category-portada"],"_links":{"self":[{"href":"https:\/\/diariodominicano.com\/index.php?rest_route=\/wp\/v2\/posts\/308317","targetHints":{"allow":["GET"]}}],"collection":[{"href":"https:\/\/diariodominicano.com\/index.php?rest_route=\/wp\/v2\/posts"}],"about":[{"href":"https:\/\/diariodominicano.com\/index.php?rest_route=\/wp\/v2\/types\/post"}],"author":[{"embeddable":true,"href":"https:\/\/diariodominicano.com\/index.php?rest_route=\/wp\/v2\/users\/28"}],"replies":[{"embeddable":true,"href":"https:\/\/diariodominicano.com\/index.php?rest_route=%2Fwp%2Fv2%2Fcomments&post=308317"}],"version-history":[{"count":3,"href":"https:\/\/diariodominicano.com\/index.php?rest_route=\/wp\/v2\/posts\/308317\/revisions"}],"predecessor-version":[{"id":308321,"href":"https:\/\/diariodominicano.com\/index.php?rest_route=\/wp\/v2\/posts\/308317\/revisions\/308321"}],"wp:featuredmedia":[{"embeddable":true,"href":"https:\/\/diariodominicano.com\/index.php?rest_route=\/wp\/v2\/media\/308319"}],"wp:attachment":[{"href":"https:\/\/diariodominicano.com\/index.php?rest_route=%2Fwp%2Fv2%2Fmedia&parent=308317"}],"wp:term":[{"taxonomy":"category","embeddable":true,"href":"https:\/\/diariodominicano.com\/index.php?rest_route=%2Fwp%2Fv2%2Fcategories&post=308317"},{"taxonomy":"post_tag","embeddable":true,"href":"https:\/\/diariodominicano.com\/index.php?rest_route=%2Fwp%2Fv2%2Ftags&post=308317"}],"curies":[{"name":"wp","href":"https:\/\/api.w.org\/{rel}","templated":true}]}}