{"id":308315,"date":"2021-11-15T17:55:12","date_gmt":"2021-11-15T21:55:12","guid":{"rendered":"http:\/\/diariodominicano.com\/?p=308315"},"modified":"2021-11-16T03:02:19","modified_gmt":"2021-11-16T07:02:19","slug":"fundacion-equidad-y-justicia-social-clausura-vii-congreso-familia-a-toda-prueba-con-12-expositores-nacionales-y-extranjeros","status":"publish","type":"post","link":"https:\/\/diariodominicano.com\/?p=308315","title":{"rendered":"Fundaci\u00f3n Equidad y Justicia Social clausura VII Congreso \u201cFamilia a toda prueba\u201d con 12 expositores nacionales y extranjeros"},"content":{"rendered":"\n<p><em>El evento fue transmitido por las diferentes plataformas de internet.<\/em><\/p>\n\n\n\n<p><strong>Santo Domingo<\/strong>. El presidente de la Fundaci\u00f3n Equidad y Justicia Social (FEJUS), Fidel Lorenzo Mer\u00e1n, ponder\u00f3 como \u201cpositivo\u201d, &nbsp;los aportes y resultados arrojados durante el desarrollo del &nbsp;VII Congreso Internacional &nbsp;\u201cFamilia a Toda Prueba\u201d, desarrollado durante los d\u00edas 12 y 13 de noviembre en el audit\u00f3rium de la Biblioteca Nacional, Pedro Enr\u00edquez Ure\u00f1a en la Plaza de la Cultura.<\/p>\n\n\n\n<p>Sostuvo que las instituciones cristianas y de la sociedad civil participantes, as\u00ed como el cuerpo de l\u00edderes religiosos y comunitarios,&nbsp; tuvieron la oportunidad de recibir a trav\u00e9s de las diferentes exposiciones de los expertos nacionales y extranjeros, conocimientos sobre los &nbsp;ejes tem\u00e1ticos sobre&nbsp; la familia, y la globalizaci\u00f3n.<\/p>\n\n\n\n<p><a><\/a>Lorenzo Mer\u00e1n, &nbsp;dijo que la&nbsp; familia del siglo 21 se ve amenazada por ideolog\u00edas y cambio cultural que pretenden afectar el principio de la autoridad parental, establecidos en la Constituci\u00f3n, as\u00ed como influir de manera despiadada&nbsp; en la cultura y los valores.<\/p>\n\n\n\n<p>Ante esta situaci\u00f3n, el presidente de FEJUS, sostuvo que no podemos &nbsp;ser indiferentes ante tal necesidad, por lo que hay que evolucionar en la tarea de liderar los cambios sociales, no vivir de &nbsp;espaldas a las necesidades reales del ser humano, entorno, y evitar ser arropados por el materialismo &nbsp;propiciado por &nbsp;un estado de bienestar temporal.<\/p>\n\n\n\n<p>\u201cNo nos cansaremos, ni nos cansar\u00e1n, desde la Fundaci\u00f3n Equidad y Justicia Social, estamos en&nbsp; la misi\u00f3n de defender nuestra fe, la familia dise\u00f1ada por Dios y los valores; seremos proactivos e intencionales,&nbsp; cumpliendo con el &nbsp;rol de ser&nbsp; guardianes de esta sociedad en la preservaci\u00f3n de un marco constitucional que defienda la vida, la familia y la identidad cristiana del pueblo dominicano\u201d, recalc\u00f3 Fidel Lorenzo.<\/p>\n\n\n\n<p>El evento internacional abri\u00f3 con las conferencias centrales \u201cFamilia en el Contexto Global\u201d, y \u201cEducaci\u00f3n y Familia (Agenda de la Ideolog\u00eda de G\u00e9nero en los Espacios Educativos y de Familia),&nbsp; a cargo &nbsp;C\u00e9sar V\u00e1squez Mu\u00f1iz, doctor en medicina de la Universidad de Puerto Rico, Fundador y Presidente Proyecto Dignidad &nbsp;y el &nbsp;doctor V\u00edctor Tiburcio, presidente-CEO y fundador de ALIENTO VISI\u00d3N, y de Universidad de Liderazgo y Ministerio (UNILIMI).<\/p>\n\n\n\n<p>Tambi\u00e9n &nbsp;participaron la psic\u00f3loga y educadora de m\u00e1s de 20 a\u00f1os de experiencia, Natalia Fern\u00e1ndez, quien present\u00f3 del tema \u201cNuevas Propuestas de Familia en un Mundo Globalizado\u201d; mientras que la comunicadora social, y escritora, Lorenny Solano &nbsp;fue responsable del t\u00f3pico sobre&nbsp; el \u201cProtecci\u00f3n de la vida desde el aspecto constitucional\u201d.<\/p>\n\n\n\n<p>Parte de la agenda del VII Congreso \u201cFamilia a Toda Prueba, fue el tema sobre \u201cVentajas de la Uni\u00f3n Familiar en la adversidad\u201d por \u00c9lder Jorge Alvarado, y la \u201cTecnolog\u00eda en el Contexto Familiar\u201d, por Jos\u00e9 Armando Tavarez, director general de TEP y ex rector del Instituto Tecnol\u00f3gico de las Am\u00e9ricas (ITLA).<\/p>\n\n\n\n<p>Adem\u00e1s de otras ponencias que tiene que ver con \u201cLas 3 Causales en la Legislaci\u00f3n\u201d, por Magdalena Pi\u00f1a, presidenta de la Fundaci\u00f3n Alianza por la Vida; el \u201cImpacto Psicol\u00f3gico del Aborto Inducido y S\u00edndrome Postaborto\u201d, por la psic\u00f3loga Ivanova P\u00e9rez, y&nbsp; una conferencia sobre \u201cValores Familiares, Punto de Vista Hist\u00f3rico\u201d, por &nbsp;Robinson Cuello, abogado y catedr\u00e1tico, miembro del n\u00famero del Instituto Duartiano, egresado&nbsp; de la UASD, y catedr\u00e1tico de UNIBE, quien describi\u00f3 las caracter\u00edsticas de la familia Duarte y Diez.<\/p>\n\n\n\n<p>El evento concluy\u00f3 con la realizaci\u00f3n &nbsp;de dos paneles. El primero \u201cPandemia y Familia\u201d, bajo la moderaci\u00f3n del abogado y articulista \u00c1ngel Gomera, y&nbsp; el segundo \u201cLas 3 Causales y C\u00f3digo Penal\u201d, moderado por la periodista Addis Burgos, ambos espacios tuvieron &nbsp;un tiempo de interacci\u00f3n de preguntas y respuestas. De acuerdo a su presidente Fidel Lorenzo, el evento se realiz\u00f3 en colaboraci\u00f3n con diversas entidades entre ellas Sup\u00e9rate, Ministerio de la Mujer, Ministerio de Interior y Polic\u00eda, Tribunal Constitucional, Ayuntamiento del Distrito Nacional, Oficina de Enlace del Poder Ejecutivo con la Comunidad Cristiana, Grupo Rica, Superintendencia de Electricidad, entre otras.<\/p>\n\n\n\n<p>Laura Jim\u00e9nez<\/p>\n\n\n\n<p><\/p>\n","protected":false},"excerpt":{"rendered":"<p>El evento fue transmitido por las diferentes plataformas de internet. Santo Domingo. El presidente de la Fundaci\u00f3n Equidad y Justicia Social (FEJUS), Fidel Lorenzo Mer\u00e1n, ponder\u00f3 como \u201cpositivo\u201d, &nbsp;los aportes y resultados arrojados durante el desarrollo del &nbsp;VII Congreso Internacional &nbsp;\u201cFamilia a Toda Prueba\u201d, desarrollado durante los d\u00edas 12 y 13 de noviembre en el [&hellip;]<\/p>\n","protected":false},"author":28,"featured_media":308473,"comment_status":"closed","ping_status":"","sticky":true,"template":"","format":"standard","meta":{"footnotes":""},"categories":[25,27],"tags":[],"class_list":["post-308315","post","type-post","status-publish","format-standard","has-post-thumbnail","hentry","category-gente","category-portada"],"_links":{"self":[{"href":"https:\/\/diariodominicano.com\/index.php?rest_route=\/wp\/v2\/posts\/308315","targetHints":{"allow":["GET"]}}],"collection":[{"href":"https:\/\/diariodominicano.com\/index.php?rest_route=\/wp\/v2\/posts"}],"about":[{"href":"https:\/\/diariodominicano.com\/index.php?rest_route=\/wp\/v2\/types\/post"}],"author":[{"embeddable":true,"href":"https:\/\/diariodominicano.com\/index.php?rest_route=\/wp\/v2\/users\/28"}],"replies":[{"embeddable":true,"href":"https:\/\/diariodominicano.com\/index.php?rest_route=%2Fwp%2Fv2%2Fcomments&post=308315"}],"version-history":[{"count":2,"href":"https:\/\/diariodominicano.com\/index.php?rest_route=\/wp\/v2\/posts\/308315\/revisions"}],"predecessor-version":[{"id":308474,"href":"https:\/\/diariodominicano.com\/index.php?rest_route=\/wp\/v2\/posts\/308315\/revisions\/308474"}],"wp:featuredmedia":[{"embeddable":true,"href":"https:\/\/diariodominicano.com\/index.php?rest_route=\/wp\/v2\/media\/308473"}],"wp:attachment":[{"href":"https:\/\/diariodominicano.com\/index.php?rest_route=%2Fwp%2Fv2%2Fmedia&parent=308315"}],"wp:term":[{"taxonomy":"category","embeddable":true,"href":"https:\/\/diariodominicano.com\/index.php?rest_route=%2Fwp%2Fv2%2Fcategories&post=308315"},{"taxonomy":"post_tag","embeddable":true,"href":"https:\/\/diariodominicano.com\/index.php?rest_route=%2Fwp%2Fv2%2Ftags&post=308315"}],"curies":[{"name":"wp","href":"https:\/\/api.w.org\/{rel}","templated":true}]}}