{"id":308309,"date":"2021-11-15T16:01:52","date_gmt":"2021-11-15T20:01:52","guid":{"rendered":"http:\/\/diariodominicano.com\/?p=308309"},"modified":"2021-11-15T16:01:52","modified_gmt":"2021-11-15T20:01:52","slug":"fafa-taveras-solicita-a-las-autoridades-del-prm-convocar-organismos-para-realizacion-convencion-interna","status":"publish","type":"post","link":"https:\/\/diariodominicano.com\/?p=308309","title":{"rendered":"Fafa Taveras solicita a las autoridades del PRM convocar organismos para realizaci\u00f3n convenci\u00f3n interna"},"content":{"rendered":"\n<p><strong>Santo Domingo.-\u00a0<\/strong>El dirigente pol\u00edtico Rafael \u201cFafa\u201d Taveras pidi\u00f3 convocar a los organismos competentes del Partido Revolucionario Moderno (PRM)\u00a0 que elegir\u00e1n  a los miembros que conformar\u00e1n la comisi\u00f3n electoral que celebrar\u00e1 la pr\u00f3xima convenci\u00f3n nacional, donde se elegir\u00e1n las nuevas autoridades del Partido Revolucionario Moderno (PRM) para el periodo 2022-2026.<\/p>\n\n\n\n<p>En una carta dirigida a la Direcci\u00f3n Nacional Ejecutiva del PRM, a su presidente, Jos\u00e9 Ignacio Paliza y su secretaria general, Carolina Mej\u00eda, Fafa Taveras les se\u00f1ala que \u201clas actuales autoridades del PRM fueron electas en marzo del 2018 y juramentadas en junio de ese mismo a\u00f1o\u201d.<\/p>\n\n\n\n<p>Record\u00f3 que el PRM fue conformado con la decisi\u00f3n inquebrantable de defender y ampliar la democracia en nuestro pa\u00eds, rescatando sus instituciones debilitadas y maleadas, actuando en consenso con los ciudadanos activos y conscientes.<\/p>\n\n\n\n<p>A juicio de Fafa Taveras las convenciones establecen un Estado de derechos, un pa\u00eds de oportunidades equitativas que favorecen una aut\u00e9ntica democracia.<\/p>\n\n\n\n<p>\u201cEn procura de ese fortalecimiento democr\u00e1tico, los estatutos del PRM recogen en sus diecisiete cap\u00edtulos y sus 137 art\u00edculos, la expresi\u00f3n de lo que queremos ser como organizaci\u00f3n pol\u00edtica: un referente distinto y esperanzador\u201d, afirm\u00f3.<\/p>\n\n\n\n<p>Estim\u00f3 que ese referente no s\u00f3lo favorece al PRM, sino a toda la sociedad dominicana.<\/p>\n\n\n\n<p>Para el dirigente perreme\u00edsta lo que se refiere a la celebraci\u00f3n de la pr\u00f3xima convenci\u00f3n los estatutos del PRM son claros y orientadores, \u201cpor lo que la constituci\u00f3n del partido y la Constituci\u00f3n debe respetarse y aplicarse\u201d.<\/p>\n\n\n\n<p>Taveras record\u00f3 tambi\u00e9n que el periodo de duraci\u00f3n de las actuales autoridades partidarias a nivel nacional y en el exterior ser\u00e1 \u00fanica y exclusivamente de 4 a\u00f1os a partir de su juramentaci\u00f3n y posesi\u00f3n.<\/p>\n\n\n\n<p>Pedro De la Cruz<a target=\"_blank\" href=\"mailto:PedroDelaCruzescribe@gmail.com\" rel=\"noreferrer noopener\">PedroDelaCruzescribe@gmail.com<\/a><\/p>\n","protected":false},"excerpt":{"rendered":"<p>Santo Domingo.-\u00a0El dirigente pol\u00edtico Rafael \u201cFafa\u201d Taveras pidi\u00f3 convocar a los organismos competentes del Partido Revolucionario Moderno (PRM)\u00a0 que elegir\u00e1n a los miembros que conformar\u00e1n la comisi\u00f3n electoral que celebrar\u00e1 la pr\u00f3xima convenci\u00f3n nacional, donde se elegir\u00e1n las nuevas autoridades del Partido Revolucionario Moderno (PRM) para el periodo 2022-2026. En una carta dirigida a la [&hellip;]<\/p>\n","protected":false},"author":28,"featured_media":308310,"comment_status":"closed","ping_status":"","sticky":true,"template":"","format":"standard","meta":{"footnotes":""},"categories":[22,27],"tags":[],"class_list":["post-308309","post","type-post","status-publish","format-standard","has-post-thumbnail","hentry","category-politica","category-portada"],"_links":{"self":[{"href":"https:\/\/diariodominicano.com\/index.php?rest_route=\/wp\/v2\/posts\/308309","targetHints":{"allow":["GET"]}}],"collection":[{"href":"https:\/\/diariodominicano.com\/index.php?rest_route=\/wp\/v2\/posts"}],"about":[{"href":"https:\/\/diariodominicano.com\/index.php?rest_route=\/wp\/v2\/types\/post"}],"author":[{"embeddable":true,"href":"https:\/\/diariodominicano.com\/index.php?rest_route=\/wp\/v2\/users\/28"}],"replies":[{"embeddable":true,"href":"https:\/\/diariodominicano.com\/index.php?rest_route=%2Fwp%2Fv2%2Fcomments&post=308309"}],"version-history":[{"count":1,"href":"https:\/\/diariodominicano.com\/index.php?rest_route=\/wp\/v2\/posts\/308309\/revisions"}],"predecessor-version":[{"id":308311,"href":"https:\/\/diariodominicano.com\/index.php?rest_route=\/wp\/v2\/posts\/308309\/revisions\/308311"}],"wp:featuredmedia":[{"embeddable":true,"href":"https:\/\/diariodominicano.com\/index.php?rest_route=\/wp\/v2\/media\/308310"}],"wp:attachment":[{"href":"https:\/\/diariodominicano.com\/index.php?rest_route=%2Fwp%2Fv2%2Fmedia&parent=308309"}],"wp:term":[{"taxonomy":"category","embeddable":true,"href":"https:\/\/diariodominicano.com\/index.php?rest_route=%2Fwp%2Fv2%2Fcategories&post=308309"},{"taxonomy":"post_tag","embeddable":true,"href":"https:\/\/diariodominicano.com\/index.php?rest_route=%2Fwp%2Fv2%2Ftags&post=308309"}],"curies":[{"name":"wp","href":"https:\/\/api.w.org\/{rel}","templated":true}]}}