{"id":308306,"date":"2021-11-15T15:58:50","date_gmt":"2021-11-15T19:58:50","guid":{"rendered":"http:\/\/diariodominicano.com\/?p=308306"},"modified":"2021-11-15T15:58:50","modified_gmt":"2021-11-15T19:58:50","slug":"absoluta-femenina-jugara-dos-partidos-ante-trinidad-y-tobago-en-preparacion-para-eliminatorias-concacaf-2022","status":"publish","type":"post","link":"https:\/\/diariodominicano.com\/?p=308306","title":{"rendered":"Absoluta femenina jugar\u00e1 dos partidos ante Trinidad y Tobago en preparaci\u00f3n para Eliminatorias Concacaf 2022"},"content":{"rendered":"\n<p> <strong>La Sedof\u00fatbol absoluta que dirige t\u00e9cnicamente el espa\u00f1ol Jos\u00e9 \u201cbeni\u201d Rubido celebrar\u00e1 estos dos compromisos de preparaci\u00f3n ante Trinidad y Tobago los d\u00edas s\u00e1bado 27 y martes 30 de noviembre en el Estadio Panamericano de San Crist\u00f3bal. En los pr\u00f3ximos d\u00edas se confirmar\u00e1 los horarios y detalles para el p\u00fablico. <\/strong><\/p>\n\n\n\n<p>SANTO DOMINGO.- La selecci\u00f3n nacional femenina de mayores de Rep\u00fablica Dominicana disputar\u00e1 dos partidos amistosos ante su similar de Trinidad y Tobago en la continuaci\u00f3n de su preparaci\u00f3n de cara a las Eliminatorias Mundialistas de Concacaf a jugarse desde febrero de 2022.<\/p>\n\n\n\n<p>La Sedof\u00fatbol absoluta que dirige t\u00e9cnicamente el espa\u00f1ol Jos\u00e9 \u201cbeni\u201d Rubido celebrar\u00e1 estos dos compromisos de preparaci\u00f3n ante Trinidad y Tobago los d\u00edas s\u00e1bado 27 y martes 30 de noviembre en el Estadio Panamericano de San Crist\u00f3bal. En los pr\u00f3ximos d\u00edas se confirmar\u00e1 los horarios y detalles para el p\u00fablico.<\/p>\n\n\n\n<p>Con estos dos partidos, el combinado patrio estar\u00eda acumulando ocho partidos en el a\u00f1o y ser\u00eda el sexto desde la llegada de Rubido al tim\u00f3n dominicano, que adem\u00e1s en septiembre no disput\u00f3 partidos, pero realiz\u00f3 un m\u00f3dulo de trabajo que incluy\u00f3 a las jugadoras que hacen vida activa en el extranjero.<\/p>\n\n\n\n<p>Cabe destacar que Rep\u00fablica Dominicana est\u00e1 anclada en el Grupo C junto a Jamaica, Bermudas, Granada e Islas Caim\u00e1n. Su primer desaf\u00edo en el Premundial ser\u00e1 el 16 de febrero ante Granada en condici\u00f3n de local y tres d\u00edas m\u00e1s tarde deber\u00e1 visitar a Islas Caim\u00e1n, en la tercera fecha recibir\u00e1 a Bermuda el 8 de abril y cerrar\u00e1 visitando a Jamaica el 12 de ese mismo mes.<\/p>\n\n\n\n<p>Esta ser\u00e1 la fase clasificatoria femenina de Concacaf donde hay 30 selecciones buscando finalizar primeras en cada uno de los seis grupos que existen para obtener un boleto a la Fase Final del Campeonato Femenino Concacaf 2022, uni\u00e9ndose a los dos equipos mejor clasificados de la confederaci\u00f3n (Estados Unidos y Canad\u00e1) que han recibido una plaza directamente al Campeonato Final que tendr\u00e1 lugar en julio de 2022.<\/p>\n\n\n\n<p>En esa fase final del Campeonato Femenino de Concacaf se jugar\u00e1 con ocho selecciones divididas en dos grupos, los dos primeros lugares de cada grupo se clasificar\u00e1n para las semifinales de la competencia y garantizar\u00e1n su lugar en la Copa Mundial Femenina de la FIFA Australia y Nueva Zelanda 2023.<\/p>\n\n\n\n<p>Adem\u00e1s, los terceros lugares de la fase de grupos avanzar\u00e1n a un repechaje intercontinental de la Copa Mundial Femenina de la FIFA. Al concluir el evento de Concacaf, el campe\u00f3n garantizar\u00e1 su lugar en el Torneo de F\u00fatbol Femenino de los Juegos Ol\u00edmpicos de Verano Par\u00eds 2024 y en la Copa Oro Concacaf W 2024.<\/p>\n\n\n\n<p>El subcampe\u00f3n y el tercer lugar tambi\u00e9n avanzar\u00e1n a un repechaje ol\u00edmpico de Concacaf que se jugar\u00e1 en septiembre de 2023. El ganador de este repechaje tambi\u00e9n garantizar\u00e1 su lugar en los Juegos Ol\u00edmpicos de Verano Par\u00eds 2024 y la Copa Oro Concacaf W 2024.<\/p>\n\n\n\n<p><strong>Fedofutbol Prensa<\/strong>\u00a0&lt;fedofutbolprensa2019@gmail.com><\/p>\n","protected":false},"excerpt":{"rendered":"<p>La Sedof\u00fatbol absoluta que dirige t\u00e9cnicamente el espa\u00f1ol Jos\u00e9 \u201cbeni\u201d Rubido celebrar\u00e1 estos dos compromisos de preparaci\u00f3n ante Trinidad y Tobago los d\u00edas s\u00e1bado 27 y martes 30 de noviembre en el Estadio Panamericano de San Crist\u00f3bal. En los pr\u00f3ximos d\u00edas se confirmar\u00e1 los horarios y detalles para el p\u00fablico. SANTO DOMINGO.- La selecci\u00f3n nacional [&hellip;]<\/p>\n","protected":false},"author":28,"featured_media":308307,"comment_status":"closed","ping_status":"","sticky":true,"template":"","format":"standard","meta":{"footnotes":""},"categories":[17,27],"tags":[],"class_list":["post-308306","post","type-post","status-publish","format-standard","has-post-thumbnail","hentry","category-deportes","category-portada"],"_links":{"self":[{"href":"https:\/\/diariodominicano.com\/index.php?rest_route=\/wp\/v2\/posts\/308306","targetHints":{"allow":["GET"]}}],"collection":[{"href":"https:\/\/diariodominicano.com\/index.php?rest_route=\/wp\/v2\/posts"}],"about":[{"href":"https:\/\/diariodominicano.com\/index.php?rest_route=\/wp\/v2\/types\/post"}],"author":[{"embeddable":true,"href":"https:\/\/diariodominicano.com\/index.php?rest_route=\/wp\/v2\/users\/28"}],"replies":[{"embeddable":true,"href":"https:\/\/diariodominicano.com\/index.php?rest_route=%2Fwp%2Fv2%2Fcomments&post=308306"}],"version-history":[{"count":1,"href":"https:\/\/diariodominicano.com\/index.php?rest_route=\/wp\/v2\/posts\/308306\/revisions"}],"predecessor-version":[{"id":308308,"href":"https:\/\/diariodominicano.com\/index.php?rest_route=\/wp\/v2\/posts\/308306\/revisions\/308308"}],"wp:featuredmedia":[{"embeddable":true,"href":"https:\/\/diariodominicano.com\/index.php?rest_route=\/wp\/v2\/media\/308307"}],"wp:attachment":[{"href":"https:\/\/diariodominicano.com\/index.php?rest_route=%2Fwp%2Fv2%2Fmedia&parent=308306"}],"wp:term":[{"taxonomy":"category","embeddable":true,"href":"https:\/\/diariodominicano.com\/index.php?rest_route=%2Fwp%2Fv2%2Fcategories&post=308306"},{"taxonomy":"post_tag","embeddable":true,"href":"https:\/\/diariodominicano.com\/index.php?rest_route=%2Fwp%2Fv2%2Ftags&post=308306"}],"curies":[{"name":"wp","href":"https:\/\/api.w.org\/{rel}","templated":true}]}}