{"id":308304,"date":"2021-11-15T15:52:45","date_gmt":"2021-11-15T19:52:45","guid":{"rendered":"http:\/\/diariodominicano.com\/?p=308304"},"modified":"2021-11-15T19:44:48","modified_gmt":"2021-11-15T23:44:48","slug":"corte-de-santiago-confirma-prision-a-medico-imputado-de-abuso-sexual-contra-un-hijo","status":"publish","type":"post","link":"https:\/\/diariodominicano.com\/?p=308304","title":{"rendered":"Corte de Santiago confirma prisi\u00f3n a m\u00e9dico imputado de abuso sexual contra un hijo"},"content":{"rendered":"\n<p><strong>SANTIAGO,  Rep\u00fablica Dominicana.- La<\/strong>&nbsp;Primera Sala de la C\u00e1mara Penal de la Corte de Apelaci\u00f3n de Santiago confirm\u00f3 la medida de coerci\u00f3n de prisi\u00f3n preventiva contra un m\u00e9dico de esta ciudad, a quien se le imputa el delito de violaci\u00f3n e incesto en perjuicio de su hijo menor de edad.&nbsp;<\/p>\n\n\n\n<p>Por esta acusaci\u00f3n,&nbsp;el 25 de mayo pasado la Corte dispuso el env\u00edo a prisi\u00f3n del imputado, quien qued\u00f3 arrestado en la sala de audiencia y cumple dicha medida en el Centro de Correcci\u00f3n y Rehabilitaci\u00f3n Rafey Hombres.&nbsp;&nbsp;&nbsp;<\/p>\n\n\n\n<p>El juicio preliminar&nbsp;del caso est\u00e1 fijado para el 26 de noviembre de 2021, indica el Ministerio P\u00fablico en el documento de prensa.&nbsp;<\/p>\n\n\n\n<p><strong>Direcci\u00f3n de Comunicaci\u00f3n y Prensa<\/strong><\/p>\n\n\n\n<p><strong>Procuradur\u00eda General-Ministerio P\u00fablico RD<\/strong><\/p>\n\n\n\n<p><strong>Lunes, 15&nbsp; de noviembre 2021<\/strong><\/p>\n","protected":false},"excerpt":{"rendered":"<p>SANTIAGO, Rep\u00fablica Dominicana.- La&nbsp;Primera Sala de la C\u00e1mara Penal de la Corte de Apelaci\u00f3n de Santiago confirm\u00f3 la medida de coerci\u00f3n de prisi\u00f3n preventiva contra un m\u00e9dico de esta ciudad, a quien se le imputa el delito de violaci\u00f3n e incesto en perjuicio de su hijo menor de edad.&nbsp; Por esta acusaci\u00f3n,&nbsp;el 25 de mayo [&hellip;]<\/p>\n","protected":false},"author":28,"featured_media":296700,"comment_status":"closed","ping_status":"","sticky":true,"template":"","format":"standard","meta":{"footnotes":""},"categories":[24,27],"tags":[],"class_list":["post-308304","post","type-post","status-publish","format-standard","has-post-thumbnail","hentry","category-justicia-y-derecho","category-portada"],"_links":{"self":[{"href":"https:\/\/diariodominicano.com\/index.php?rest_route=\/wp\/v2\/posts\/308304","targetHints":{"allow":["GET"]}}],"collection":[{"href":"https:\/\/diariodominicano.com\/index.php?rest_route=\/wp\/v2\/posts"}],"about":[{"href":"https:\/\/diariodominicano.com\/index.php?rest_route=\/wp\/v2\/types\/post"}],"author":[{"embeddable":true,"href":"https:\/\/diariodominicano.com\/index.php?rest_route=\/wp\/v2\/users\/28"}],"replies":[{"embeddable":true,"href":"https:\/\/diariodominicano.com\/index.php?rest_route=%2Fwp%2Fv2%2Fcomments&post=308304"}],"version-history":[{"count":2,"href":"https:\/\/diariodominicano.com\/index.php?rest_route=\/wp\/v2\/posts\/308304\/revisions"}],"predecessor-version":[{"id":308342,"href":"https:\/\/diariodominicano.com\/index.php?rest_route=\/wp\/v2\/posts\/308304\/revisions\/308342"}],"wp:featuredmedia":[{"embeddable":true,"href":"https:\/\/diariodominicano.com\/index.php?rest_route=\/wp\/v2\/media\/296700"}],"wp:attachment":[{"href":"https:\/\/diariodominicano.com\/index.php?rest_route=%2Fwp%2Fv2%2Fmedia&parent=308304"}],"wp:term":[{"taxonomy":"category","embeddable":true,"href":"https:\/\/diariodominicano.com\/index.php?rest_route=%2Fwp%2Fv2%2Fcategories&post=308304"},{"taxonomy":"post_tag","embeddable":true,"href":"https:\/\/diariodominicano.com\/index.php?rest_route=%2Fwp%2Fv2%2Ftags&post=308304"}],"curies":[{"name":"wp","href":"https:\/\/api.w.org\/{rel}","templated":true}]}}