{"id":308302,"date":"2021-11-15T15:49:27","date_gmt":"2021-11-15T19:49:27","guid":{"rendered":"http:\/\/diariodominicano.com\/?p=308302"},"modified":"2021-11-15T20:02:40","modified_gmt":"2021-11-16T00:02:40","slug":"condenan-a-40-anos-de-prision-a-hombre-que-mato-a-un-oficial-del-ejercito-durante-asalto-en-san-cristobal","status":"publish","type":"post","link":"https:\/\/diariodominicano.com\/?p=308302","title":{"rendered":"Condenan a 40 a\u00f1os de prisi\u00f3n a hombre que mat\u00f3 a un oficial del Ej\u00e9rcito durante asalto en San Crist\u00f3bal"},"content":{"rendered":"\n<p> <strong>El Tribunal Colegiado de San Crist\u00f3bal dict\u00f3 la sentencia contra Leudy P\u00e9rez&nbsp;&nbsp;Araujo o Leudys P\u00e9rez Araujo (El Peque\u00f1o) por los il\u00edcitos de homicidio voluntario, tenencia y porte ilegal de arma de fuego y asociaci\u00f3n de malhechores para cometer robo agravado con violencia, en perjuicio del capit\u00e1n Richy Sabiel Rubio.&nbsp; <\/strong><\/p>\n\n\n\n<p><strong>SAN CRIST\u00d3BAL, Rep\u00fablica Dominicana.- <\/strong>Un tribunal de San Crist\u00f3bal  conden\u00f3 a 40 a\u00f1os de prisi\u00f3n a un hombre que fue acusado por el Ministerio P\u00fablico de ocasionarle la muerte a un capit\u00e1n del Ej\u00e9rcito de Rep\u00fablica Dominicana durante un asalto a mano armada en 2019. &nbsp;<\/p>\n\n\n\n<p>El Tribunal Colegiado de San Crist\u00f3bal dict\u00f3 la sentencia contra Leudy P\u00e9rez&nbsp;&nbsp;Araujo o Leudys P\u00e9rez Araujo (El Peque\u00f1o) por los il\u00edcitos de homicidio voluntario, tenencia y porte ilegal de arma de fuego y asociaci\u00f3n de malhechores para cometer robo agravado con violencia, en perjuicio del capit\u00e1n Richy Sabiel Rubio.&nbsp;<\/p>\n\n\n\n<p>Los jueces Biulkys Milan\u00e9s Balbuena,&nbsp;presidenta; P\u00edlades Hern\u00e1ndez M\u00e9ndez, sustituto de presidenta, y Juan Ram\u00f3n Cabrera Ysabel, miembro, condenaron al encartado por violar los art\u00edculos 265, 266, 295, 304, 379 y 382 del C\u00f3digo Penal, as\u00ed como 66 y 67 de la Ley 631-16, para el Control y Regulaci\u00f3n de Armas, Municiones y Materiales Relacionados.&nbsp;<\/p>\n\n\n\n<p>Adem\u00e1s de la condena a la pena m\u00e1xima, que cumplir\u00e1 en el Centro de Correcci\u00f3n y Rehabilitaci\u00f3n Najayo Hombres, P\u00e9rez Araujo deber\u00e1 pagar tres millones de pesos de indemnizaci\u00f3n, as\u00ed como las costas penales y civiles del proceso.&nbsp;<\/p>\n\n\n\n<p>La acusaci\u00f3n indica que el hecho ocurri\u00f3 alrededor de las 7:30 de la noche del 8 de junio de 2020 cuando el oficial, su esposa y dos hijas menores de edad regresaban a su residencia desde Barahona.&nbsp;<\/p>\n\n\n\n<p>La v\u00edctima se desplazaba en una yipeta por la carretera S\u00e1nchez y realiz\u00f3 una parada pr\u00f3ximo al municipio Yaguate, momento en que fue sorprendido por P\u00e9rez Araujo y otro hombre sin identificar, quienes se desplazaban armados en una motocicleta.&nbsp;<\/p>\n\n\n\n<p>El expediente se\u00f1ala que el hoy condenado le dispar\u00f3 a la v\u00edctima con el arma ilegal que portaba y que posteriormente le sustrajo su arma de reglamento, una pistola marca Glock, calibre 9 mil\u00edmetros. Espec\u00edfica que el oficial falleci\u00f3 en un hospital de San Crist\u00f3bal mientras era intervenido quir\u00fargicamente producto de la herida de bala que recibi\u00f3 en el est\u00f3mago.&nbsp;&nbsp;&nbsp;<\/p>\n\n\n\n<p>La Fiscal\u00eda de San Crist\u00f3bal estuvo representada por Laura Segura Cordero, quien tuvo a cargo la investigaci\u00f3n, mientras que en la litigaci\u00f3n trabajaron&nbsp;Daryl Montes de Oca y Edward Ram\u00edrez.&nbsp;<\/p>\n\n\n\n<p><strong>Direcci\u00f3n de Comunicaci\u00f3n y Prensa<\/strong><\/p>\n\n\n\n<p><strong>Procuradur\u00eda General-Ministerio P\u00fablico RD<\/strong><\/p>\n\n\n\n<p><strong>Lunes, 15&nbsp; de noviembre 2021<\/strong><\/p>\n","protected":false},"excerpt":{"rendered":"<p>El Tribunal Colegiado de San Crist\u00f3bal dict\u00f3 la sentencia contra Leudy P\u00e9rez&nbsp;&nbsp;Araujo o Leudys P\u00e9rez Araujo (El Peque\u00f1o) por los il\u00edcitos de homicidio voluntario, tenencia y porte ilegal de arma de fuego y asociaci\u00f3n de malhechores para cometer robo agravado con violencia, en perjuicio del capit\u00e1n Richy Sabiel Rubio.&nbsp; SAN CRIST\u00d3BAL, Rep\u00fablica Dominicana.- Un tribunal [&hellip;]<\/p>\n","protected":false},"author":28,"featured_media":308346,"comment_status":"closed","ping_status":"","sticky":true,"template":"","format":"standard","meta":{"footnotes":""},"categories":[24,27],"tags":[],"class_list":["post-308302","post","type-post","status-publish","format-standard","has-post-thumbnail","hentry","category-justicia-y-derecho","category-portada"],"_links":{"self":[{"href":"https:\/\/diariodominicano.com\/index.php?rest_route=\/wp\/v2\/posts\/308302","targetHints":{"allow":["GET"]}}],"collection":[{"href":"https:\/\/diariodominicano.com\/index.php?rest_route=\/wp\/v2\/posts"}],"about":[{"href":"https:\/\/diariodominicano.com\/index.php?rest_route=\/wp\/v2\/types\/post"}],"author":[{"embeddable":true,"href":"https:\/\/diariodominicano.com\/index.php?rest_route=\/wp\/v2\/users\/28"}],"replies":[{"embeddable":true,"href":"https:\/\/diariodominicano.com\/index.php?rest_route=%2Fwp%2Fv2%2Fcomments&post=308302"}],"version-history":[{"count":2,"href":"https:\/\/diariodominicano.com\/index.php?rest_route=\/wp\/v2\/posts\/308302\/revisions"}],"predecessor-version":[{"id":308347,"href":"https:\/\/diariodominicano.com\/index.php?rest_route=\/wp\/v2\/posts\/308302\/revisions\/308347"}],"wp:featuredmedia":[{"embeddable":true,"href":"https:\/\/diariodominicano.com\/index.php?rest_route=\/wp\/v2\/media\/308346"}],"wp:attachment":[{"href":"https:\/\/diariodominicano.com\/index.php?rest_route=%2Fwp%2Fv2%2Fmedia&parent=308302"}],"wp:term":[{"taxonomy":"category","embeddable":true,"href":"https:\/\/diariodominicano.com\/index.php?rest_route=%2Fwp%2Fv2%2Fcategories&post=308302"},{"taxonomy":"post_tag","embeddable":true,"href":"https:\/\/diariodominicano.com\/index.php?rest_route=%2Fwp%2Fv2%2Ftags&post=308302"}],"curies":[{"name":"wp","href":"https:\/\/api.w.org\/{rel}","templated":true}]}}