{"id":308257,"date":"2021-11-15T12:23:39","date_gmt":"2021-11-15T16:23:39","guid":{"rendered":"http:\/\/diariodominicano.com\/?p=308257"},"modified":"2021-11-15T12:23:39","modified_gmt":"2021-11-15T16:23:39","slug":"republica-dominicana-sera-sede-de-dialogo-internacional-de-transparencia-e-integridad","status":"publish","type":"post","link":"https:\/\/diariodominicano.com\/?p=308257","title":{"rendered":"Rep\u00fablica Dominicana ser\u00e1 sede de di\u00e1logo internacional de transparencia e integridad"},"content":{"rendered":"\n<p><em><strong>Direcci\u00f3n General de \u00c9tica coordina junto al Banco Interamericano de Desarrollo el V Di\u00e1logo de la Red de Integridad P\u00fablica en Am\u00e9rica Latina<\/strong><\/em><\/p>\n\n\n\n<p><strong>Santo Domingo.-&nbsp;<\/strong>El presidente de la Rep\u00fablica Dominicana, Luis Abinader; el secretario general de la Organizaci\u00f3n para la Cooperaci\u00f3n y el Desarrollo Econ\u00f3micos (OCDE), Mathias Cormann; la presidenta de Transparencia Internacional, Delia Ferreira Rubio; y el gerente general de BID Invest, James P. Scriven, participar\u00e1n de la apertura del Di\u00e1logo Regional de Pol\u00edtica de Transparencia e Integridad el 16 de noviembre a las 10:00 a.m, en el hotel JW Marriott, Santo Domingo.<\/p>\n\n\n\n<p>El montaje de esta actividad tiene como contraparte a la Direcci\u00f3n General de \u00c9tica e Integridad Gubernamental (DIGEIG), que junto al Banco Interamericano de Desarrollo (BID), la Organizaci\u00f3n para la Cooperaci\u00f3n y el Desarrollo Econ\u00f3mico (OCDE), han organizado esta V Reuni\u00f3n de la Red de Integridad P\u00fablica de Am\u00e9rica Latina y el Caribe, \u201c<a href=\"https:\/\/events.iadb.org\/calendar\/event\/24907?lang=es\" target=\"_blank\" rel=\"noreferrer noopener\">Di\u00e1logo Regional de Pol\u00edtica Transparencia, Integridad y Participaci\u00f3n en la Era Digital<\/a>\u201d, a realizarse del 16 al 18 de noviembre de 2021.<\/p>\n\n\n\n<p>La apertura del evento, que ser\u00e1 abierta al p\u00fablico, contar\u00e1 con la participaci\u00f3n del presidente de la Rep\u00fablica Dominicana, Luis Abinader; el&nbsp;secretario general de la Organizaci\u00f3n para la Cooperaci\u00f3n y el Desarrollo Econ\u00f3micos (OCDE), Mathias Cormann; el gerente general de BID Invest, James P. Scriven; y la Presidenta de Transparencia Internacional, Delia Ferreira Rubio, como oradora principal.<\/p>\n\n\n\n<p>Durante la rueda de prensa, la directora General de \u00c9tica e Integridad Gubernamental (DIGEIG), Milagros Ortiz Bosch, agradeci\u00f3 a nombre del Gobierno dominicano al Banco Interamericano de Desarrollo (BID) y a la Organizaci\u00f3n para la Cooperaci\u00f3n y Desarrollo Econ\u00f3mico (OCDE),&nbsp; por la escogencia de la Rep\u00fablica<\/p>\n\n\n\n<p>Dominicana como sede del Quinto Dialogo de la Red de Am\u00e9rica Latina y el Caribe: Transparencia, Integridad y Participaci\u00f3n Digital.<\/p>\n\n\n\n<p>\u201cSaludamos este di\u00e1logo porque es buscando la transparencia, superando la opacidad, que el derecho a la informaci\u00f3n y la obligaci\u00f3n de informar de los gobiernos, crea la confianza entre ciudadanos, indispensable para enfrentar la deuda social acumulada y construir sociedades inclusivas, eficaces y modernas\u201d, expres\u00f3.<\/p>\n\n\n\n<p>La ex vicepresidenta de la rep\u00fablica se\u00f1al\u00f3 adem\u00e1s que, en el transcurso de estos tres d\u00edas del Quinto Dialogo de Am\u00e9rica Latina y el Caribe, el BID y la OCDE presentar\u00e1n experiencias que, apoyadas en la tecnolog\u00eda, fortalecen la transparencia y la modernizaci\u00f3n de la administraci\u00f3n p\u00fablica, facilitando la entrega de los servicios p\u00fablicos, la eficiencia del gasto, detener la corrupci\u00f3n, y como resultado, fortalecer la democracia.<\/p>\n\n\n\n<p>Indic\u00f3 que el dise\u00f1o de estos di\u00e1logos a trav\u00e9s de conferencias y experiencias extraordinarias, se podr\u00e1 conocer, desde la tecnolog\u00eda, las mejores pr\u00e1cticas de transparencia e integridad, para de esa manera poder crear confianza ciudadana, promover la inversi\u00f3n privada, combatir la delincuencia internacional prevenir y controlar la corrupci\u00f3n, con especial foco en obras de infraestructura, fortalecer la administraci\u00f3n p\u00fablica y detectar el fraude en las compras p\u00fablicas.<\/p>\n\n\n\n<p>La asesora del Poder Ejecutivo en materia de \u00c9tica, Transparencia y Anticorrupci\u00f3n, adem\u00e1s valor\u00f3 la participaci\u00f3n en los di\u00e1logos de la representante del Grupo BID en Rep\u00fablica Dominicana, Katharina Falkner &#8211; Olmedo.&nbsp; \u201cBienvenida, llega en un momento de esperanzas.&nbsp; Las relaciones entre el BID y nuestro pa\u00eds cuentan una historia de \u00e9xitos que tienen en este gobierno garant\u00eda de continuidad y cambio\u201d, concluy\u00f3 la doctora Ortiz Bosch.<\/p>\n\n\n\n<p>En contraparte, Katharina Falkner \u2013 Olmedo afirm\u00f3 que, para el Grupo BID, apoyar a los pa\u00edses a promover la integridad y la transparencia es parte central del trabajo de esa instituci\u00f3n y es reflejo de su Estrategia Institucional y Visi\u00f3n para el 2025, que&nbsp;apunta a promover un crecimiento sostenible e inclusivo a trav\u00e9s de la reactivaci\u00f3n del sector productivo, la promoci\u00f3n del desarrollo social y el fortalecimiento de la buena gobernanza.<\/p>\n\n\n\n<p>En palabras de Falkner &#8211; Olmedo, el Grupo BID pone a disposici\u00f3n de los pa\u00edses plataformas para que los gobiernos tengan m\u00e1s y mejor informaci\u00f3n en la toma de decisiones en el uso de los recursos y mejorar el desempe\u00f1o del gasto.<\/p>\n\n\n\n<p>Entre estas iniciativas, destac\u00f3 la plataforma&nbsp;<a href=\"http:\/\/mapainversiones.economia.gob.do\/\" target=\"_blank\" rel=\"noreferrer noopener\">MapaInversiones<\/a>, que fue implementada en la Rep\u00fablica Dominicana y en varios otros pa\u00edses de la regi\u00f3n. \u201cCon ella, los ciudadanos tienen el poder de monitorear en tiempo real d\u00f3nde y c\u00f3mo se invierten los recursos, incluidos los utilizados para responder a la pandemia de COVID-19 y la recuperaci\u00f3n de la econom\u00eda\u201d, dijo la representante del Grupo BID en el pa\u00eds.<\/p>\n\n\n\n<p>Expertos internacionales de alto nivel buscan intercambiar experiencias para identificar lecciones aprendidas y desaf\u00edos en el dise\u00f1o e implementaci\u00f3n de soluciones digitales para promover mejores pol\u00edticas p\u00fablicas, el crecimiento econ\u00f3mico y la prevenci\u00f3n y control de la corrupci\u00f3n.<\/p>\n\n\n\n<p><\/p>\n\n\n\n<p>Paola Cabrera:&nbsp;<a href=\"mailto:paola.cabrera@digeig.gob.do\" target=\"_blank\" rel=\"noreferrer noopener\">paola.cabrera@digeig.gob.do<\/a><br>Patricia Reinoso:&nbsp;<a href=\"mailto:patriciarei@iadb.org\" target=\"_blank\" rel=\"noreferrer noopener\">patriciarei@iadb.org<\/a>&#8230;<\/p>\n","protected":false},"excerpt":{"rendered":"<p>Direcci\u00f3n General de \u00c9tica coordina junto al Banco Interamericano de Desarrollo el V Di\u00e1logo de la Red de Integridad P\u00fablica en Am\u00e9rica Latina Santo Domingo.-&nbsp;El presidente de la Rep\u00fablica Dominicana, Luis Abinader; el secretario general de la Organizaci\u00f3n para la Cooperaci\u00f3n y el Desarrollo Econ\u00f3micos (OCDE), Mathias Cormann; la presidenta de Transparencia Internacional, Delia Ferreira [&hellip;]<\/p>\n","protected":false},"author":2,"featured_media":308258,"comment_status":"closed","ping_status":"","sticky":true,"template":"","format":"standard","meta":{"footnotes":""},"categories":[20,27],"tags":[],"class_list":["post-308257","post","type-post","status-publish","format-standard","has-post-thumbnail","hentry","category-dominicana-hoy","category-portada"],"_links":{"self":[{"href":"https:\/\/diariodominicano.com\/index.php?rest_route=\/wp\/v2\/posts\/308257","targetHints":{"allow":["GET"]}}],"collection":[{"href":"https:\/\/diariodominicano.com\/index.php?rest_route=\/wp\/v2\/posts"}],"about":[{"href":"https:\/\/diariodominicano.com\/index.php?rest_route=\/wp\/v2\/types\/post"}],"author":[{"embeddable":true,"href":"https:\/\/diariodominicano.com\/index.php?rest_route=\/wp\/v2\/users\/2"}],"replies":[{"embeddable":true,"href":"https:\/\/diariodominicano.com\/index.php?rest_route=%2Fwp%2Fv2%2Fcomments&post=308257"}],"version-history":[{"count":1,"href":"https:\/\/diariodominicano.com\/index.php?rest_route=\/wp\/v2\/posts\/308257\/revisions"}],"predecessor-version":[{"id":308259,"href":"https:\/\/diariodominicano.com\/index.php?rest_route=\/wp\/v2\/posts\/308257\/revisions\/308259"}],"wp:featuredmedia":[{"embeddable":true,"href":"https:\/\/diariodominicano.com\/index.php?rest_route=\/wp\/v2\/media\/308258"}],"wp:attachment":[{"href":"https:\/\/diariodominicano.com\/index.php?rest_route=%2Fwp%2Fv2%2Fmedia&parent=308257"}],"wp:term":[{"taxonomy":"category","embeddable":true,"href":"https:\/\/diariodominicano.com\/index.php?rest_route=%2Fwp%2Fv2%2Fcategories&post=308257"},{"taxonomy":"post_tag","embeddable":true,"href":"https:\/\/diariodominicano.com\/index.php?rest_route=%2Fwp%2Fv2%2Ftags&post=308257"}],"curies":[{"name":"wp","href":"https:\/\/api.w.org\/{rel}","templated":true}]}}