{"id":308253,"date":"2021-11-15T12:18:59","date_gmt":"2021-11-15T16:18:59","guid":{"rendered":"http:\/\/diariodominicano.com\/?p=308253"},"modified":"2021-11-15T23:45:36","modified_gmt":"2021-11-16T03:45:36","slug":"fiscalia-obtiene-pena-de-30-anos-de-prision-contra-hombre-que-mato-a-un-profesor-en-san-francisco-de-macoris","status":"publish","type":"post","link":"https:\/\/diariodominicano.com\/?p=308253","title":{"rendered":"Fiscal\u00eda obtiene pena de 30 a\u00f1os de prisi\u00f3n contra hombre que mat\u00f3 a un profesor en San Francisco de Macor\u00eds"},"content":{"rendered":"\n<p> <strong>Los jueces Mar\u00eda de los \u00c1ngeles Concepci\u00f3n, V\u00edctor Ynoa y Yudelka Buret dictaron la pena m\u00e1xima en contra de Brayan Rivera Vargas, luego de que el Ministerio P\u00fablico probara su responsabilidad en el crimen del profesor Rafael Elpidio Cordero V\u00e1squez, ocurrido el pasado a\u00f1o.&nbsp;&nbsp; <\/strong><\/p>\n\n\n\n<p><strong>DUARTE, Rep\u00fablica Dominicana.-&nbsp;<\/strong> El Segundo Tribunal Colegiado de este distrito judicial acogi\u00f3 la petici\u00f3n del Ministerio P\u00fablico y conden\u00f3 a 30 a\u00f1os prisi\u00f3n a un hombre acusado de matar de varias pu\u00f1aladas a un profesor, en el Ensanche Duarte del municipio San Francisco de Macor\u00eds.&nbsp;&nbsp;<\/p>\n\n\n\n<p>Los jueces Mar\u00eda de los \u00c1ngeles Concepci\u00f3n, V\u00edctor Ynoa y Yudelka Buret dictaron la pena m\u00e1xima en contra de Brayan Rivera Vargas, luego de que el Ministerio P\u00fablico probara su responsabilidad en el crimen del profesor Rafael Elpidio Cordero V\u00e1squez, ocurrido el pasado a\u00f1o.&nbsp;&nbsp;<\/p>\n\n\n\n<p>La v\u00edctima falleci\u00f3 a consecuencia de heridas por arma blanca en el cuello y el pecho.&nbsp;&nbsp;<\/p>\n\n\n\n<p>El expediente relata que en febrero de 2020, en horas de la tarde, se reunieron con la v\u00edctima en su residencia el imputado y un menor de edad, tambi\u00e9n procesado por este caso. Detalla que sostuvieron una discusi\u00f3n por asuntos personales y que los encartados sustrajeron varios objetos de la vivienda y dieron varias pu\u00f1aladas que le provocaron la muerte. &nbsp;&nbsp;<\/p>\n\n\n\n<p>Los agresores huyeron del lugar pero moradores del sector los entregaron poco tiempo despu\u00e9s a la Polic\u00eda Nacional, que los puso a disposici\u00f3n del Ministerio P\u00fablico.&nbsp;<\/p>\n\n\n\n<p>El tribunal dict\u00f3 la sentencia por la violaci\u00f3n de varios art\u00edculos del C\u00f3digo Penal Dominicano y la Ley 631-16, sobre Armas, Municiones y Materiales Relacionados, y orden\u00f3 el cumplimiento de la pena en el Centro de Correcci\u00f3n y Rehabilitaci\u00f3n Najayo Hombres, en la provincia San Crist\u00f3bal.&nbsp;<\/p>\n\n\n\n<p><strong>Direcci\u00f3n de Comunicaci\u00f3n y Prensa<\/strong><\/p>\n\n\n\n<p><strong>Procuradur\u00eda General-Ministerio P\u00fablico RD<\/strong><\/p>\n\n\n\n<p><strong>Lunes, 15&nbsp; de noviembre 2021<\/strong><\/p>\n","protected":false},"excerpt":{"rendered":"<p>Los jueces Mar\u00eda de los \u00c1ngeles Concepci\u00f3n, V\u00edctor Ynoa y Yudelka Buret dictaron la pena m\u00e1xima en contra de Brayan Rivera Vargas, luego de que el Ministerio P\u00fablico probara su responsabilidad en el crimen del profesor Rafael Elpidio Cordero V\u00e1squez, ocurrido el pasado a\u00f1o.&nbsp;&nbsp; DUARTE, Rep\u00fablica Dominicana.-&nbsp; El Segundo Tribunal Colegiado de este distrito judicial [&hellip;]<\/p>\n","protected":false},"author":2,"featured_media":308376,"comment_status":"closed","ping_status":"","sticky":true,"template":"","format":"standard","meta":{"footnotes":""},"categories":[24,27],"tags":[],"class_list":["post-308253","post","type-post","status-publish","format-standard","has-post-thumbnail","hentry","category-justicia-y-derecho","category-portada"],"_links":{"self":[{"href":"https:\/\/diariodominicano.com\/index.php?rest_route=\/wp\/v2\/posts\/308253","targetHints":{"allow":["GET"]}}],"collection":[{"href":"https:\/\/diariodominicano.com\/index.php?rest_route=\/wp\/v2\/posts"}],"about":[{"href":"https:\/\/diariodominicano.com\/index.php?rest_route=\/wp\/v2\/types\/post"}],"author":[{"embeddable":true,"href":"https:\/\/diariodominicano.com\/index.php?rest_route=\/wp\/v2\/users\/2"}],"replies":[{"embeddable":true,"href":"https:\/\/diariodominicano.com\/index.php?rest_route=%2Fwp%2Fv2%2Fcomments&post=308253"}],"version-history":[{"count":2,"href":"https:\/\/diariodominicano.com\/index.php?rest_route=\/wp\/v2\/posts\/308253\/revisions"}],"predecessor-version":[{"id":308461,"href":"https:\/\/diariodominicano.com\/index.php?rest_route=\/wp\/v2\/posts\/308253\/revisions\/308461"}],"wp:featuredmedia":[{"embeddable":true,"href":"https:\/\/diariodominicano.com\/index.php?rest_route=\/wp\/v2\/media\/308376"}],"wp:attachment":[{"href":"https:\/\/diariodominicano.com\/index.php?rest_route=%2Fwp%2Fv2%2Fmedia&parent=308253"}],"wp:term":[{"taxonomy":"category","embeddable":true,"href":"https:\/\/diariodominicano.com\/index.php?rest_route=%2Fwp%2Fv2%2Fcategories&post=308253"},{"taxonomy":"post_tag","embeddable":true,"href":"https:\/\/diariodominicano.com\/index.php?rest_route=%2Fwp%2Fv2%2Ftags&post=308253"}],"curies":[{"name":"wp","href":"https:\/\/api.w.org\/{rel}","templated":true}]}}