{"id":308229,"date":"2021-11-15T11:20:52","date_gmt":"2021-11-15T15:20:52","guid":{"rendered":"http:\/\/diariodominicano.com\/?p=308229"},"modified":"2021-11-15T11:20:52","modified_gmt":"2021-11-15T15:20:52","slug":"iran-dice-que-jefe-de-oiea-visitara-el-pais-pronto","status":"publish","type":"post","link":"https:\/\/diariodominicano.com\/?p=308229","title":{"rendered":"Ir\u00e1n dice que jefe de OIEA visitar\u00e1 el pa\u00eds \u00abpronto\u00bb"},"content":{"rendered":"\n<p>diariodominicano.com<a rel=\"noreferrer noopener\" href=\"https:\/\/www.xinhua-news.com\/gdsdetailxhs\/share\/10609133-?pageflag=iframe\" target=\"_blank\"><\/a><\/p>\n\n\n\n<pre id=\"text-news-description\" class=\"wp-block-preformatted\">   TEHER\u00c1N, 15 nov (Xinhua) -- Rafael Mariano Grossi, director general del Organismo Internacional de Energ\u00eda At\u00f3mica (OIEA), pronto har\u00e1 una visita oficial a la capital iran\u00ed, Teher\u00e1n, anunci\u00f3 hoy el portavoz del Ministerio de Relaciones Exteriores de Ir\u00e1n, Saeed Khatibzadeh.\n   El portavoz iran\u00ed dijo que su pa\u00eds est\u00e1 esperando que Grossi responda a su invitaci\u00f3n.\n   Las relaciones t\u00e9cnicas entre Ir\u00e1n y el OIEA avanzan en una buena direcci\u00f3n, dijo, y agreg\u00f3 que \"Grossi tiene relaciones muy estrechas tanto con nuestra organizaci\u00f3n de energ\u00eda at\u00f3mica como con nuestros amigos en la embajada iran\u00ed en Viena\".\n   En su pr\u00f3ximo viaje, Grossi se reunir\u00e1 con el jefe de la Organizaci\u00f3n de Energ\u00eda At\u00f3mica de Ir\u00e1n (OEAI) y con el ministro de Relaciones Exteriores de Ir\u00e1n, dijo Khatibzadeh.\n   Durante una reuni\u00f3n entre Mohammad Eslami, vicepresidente y jefe de la OEAI, y Grossi en Teher\u00e1n en septiembre, se permiti\u00f3 a los inspectores del OIEA dar servicio al equipo de monitoreo identificado, colocado en las instalaciones nucleares de Ir\u00e1n, y reemplazar sus medios de almacenamiento que se conservar\u00e1n sellados en Ir\u00e1n.\n   El 23 de febrero, Ir\u00e1n detuvo la implementaci\u00f3n de las medidas voluntarias previstas en el Plan de Acci\u00f3n Integral Conjunto (PAIC) de 2015, conocido com\u00fanmente como el acuerdo nuclear de Ir\u00e1n, en reacci\u00f3n a la retirada unilateral del ex presidente estadounidense Donald Trump del PAIC y la reimposici\u00f3n de sanciones contra Ir\u00e1n.\n   Ir\u00e1n y las partes restantes del PAIC se reunir\u00e1n en la capital austriaca de Viena el 29 de noviembre para reanudar las negociaciones que fueron suspendidas en junio debido a las elecciones presidenciales de Ir\u00e1n y a los cambios posteriores en la administraci\u00f3n. <\/pre>\n","protected":false},"excerpt":{"rendered":"<p>diariodominicano.com TEHER\u00c1N, 15 nov (Xinhua) &#8212; Rafael Mariano Grossi, director general del Organismo Internacional de Energ\u00eda At\u00f3mica (OIEA), pronto har\u00e1 una visita oficial a la capital iran\u00ed, Teher\u00e1n, anunci\u00f3 hoy el portavoz del Ministerio de Relaciones Exteriores de Ir\u00e1n, Saeed Khatibzadeh. El portavoz iran\u00ed dijo que su pa\u00eds est\u00e1 esperando que Grossi responda a su [&hellip;]<\/p>\n","protected":false},"author":5,"featured_media":308230,"comment_status":"closed","ping_status":"","sticky":true,"template":"","format":"standard","meta":{"footnotes":""},"categories":[23,27],"tags":[],"class_list":["post-308229","post","type-post","status-publish","format-standard","has-post-thumbnail","hentry","category-internacional","category-portada"],"_links":{"self":[{"href":"https:\/\/diariodominicano.com\/index.php?rest_route=\/wp\/v2\/posts\/308229","targetHints":{"allow":["GET"]}}],"collection":[{"href":"https:\/\/diariodominicano.com\/index.php?rest_route=\/wp\/v2\/posts"}],"about":[{"href":"https:\/\/diariodominicano.com\/index.php?rest_route=\/wp\/v2\/types\/post"}],"author":[{"embeddable":true,"href":"https:\/\/diariodominicano.com\/index.php?rest_route=\/wp\/v2\/users\/5"}],"replies":[{"embeddable":true,"href":"https:\/\/diariodominicano.com\/index.php?rest_route=%2Fwp%2Fv2%2Fcomments&post=308229"}],"version-history":[{"count":1,"href":"https:\/\/diariodominicano.com\/index.php?rest_route=\/wp\/v2\/posts\/308229\/revisions"}],"predecessor-version":[{"id":308231,"href":"https:\/\/diariodominicano.com\/index.php?rest_route=\/wp\/v2\/posts\/308229\/revisions\/308231"}],"wp:featuredmedia":[{"embeddable":true,"href":"https:\/\/diariodominicano.com\/index.php?rest_route=\/wp\/v2\/media\/308230"}],"wp:attachment":[{"href":"https:\/\/diariodominicano.com\/index.php?rest_route=%2Fwp%2Fv2%2Fmedia&parent=308229"}],"wp:term":[{"taxonomy":"category","embeddable":true,"href":"https:\/\/diariodominicano.com\/index.php?rest_route=%2Fwp%2Fv2%2Fcategories&post=308229"},{"taxonomy":"post_tag","embeddable":true,"href":"https:\/\/diariodominicano.com\/index.php?rest_route=%2Fwp%2Fv2%2Ftags&post=308229"}],"curies":[{"name":"wp","href":"https:\/\/api.w.org\/{rel}","templated":true}]}}