{"id":308198,"date":"2021-11-15T04:30:45","date_gmt":"2021-11-15T08:30:45","guid":{"rendered":"http:\/\/diariodominicano.com\/?p=308198"},"modified":"2021-11-15T04:30:45","modified_gmt":"2021-11-15T08:30:45","slug":"llaman-respaldar-acciones-pn-en-moca-habla-coronel-de-la-cruz-despues-de-tiroteo","status":"publish","type":"post","link":"https:\/\/diariodominicano.com\/?p=308198","title":{"rendered":"Llaman respaldar acciones PN en Moca; habla coronel De la Cruz despu\u00e9s de tiroteo"},"content":{"rendered":"\n<p><strong>Por Ram\u00f3n Mercedes<\/strong><\/p>\n\n\n\n<p><strong>NUEVA YORK.<\/strong>&nbsp;Dominicanos procedentes de la provincia Espaillat que trabajan en diferentes \u00e1reas en esta ciudad hacen un llamado a los sectores comprometidos con el desarrollo, paz y bienestar del pueblo de Moca a respaldar las acciones que viene realizando el coronel policial Jos\u00e9 Francisco de la Cruz (El Veterano), comandante all\u00ed.<\/p>\n\n\n\n<p>En un documento acompa\u00f1ado de videos, sostienen: \u201cNos hemos enterado, a trav\u00e9s de los medios de prensa de la provincia, de acciones que algunos de nuestros conciudadanos han cometido y son combatidas por el coronel, como son el desmantelamiento de varios puntos de drogas, asimismo, intercambio de disparos con los agentes\u201d.<\/p>\n\n\n\n<p>\u00abPero, al mismo tiempo estaremos vigilante ante su actuaci\u00f3n por si comete atropellos e injustica contra el pueblo de Moca, esperando que aplique el mismo padr\u00f3n que aplic\u00f3 en Cotu\u00ed, donde fue reconocido por los principales sectores y personalidades por combatir la delincuencia, siempre respetando la ciudadan\u00eda\u00bb, agregaron.<\/p>\n\n\n\n<figure class=\"wp-block-embed is-type-video is-provider-youtube wp-block-embed-youtube wp-embed-aspect-4-3 wp-has-aspect-ratio\"><div class=\"wp-block-embed__wrapper\">\n<iframe loading=\"lazy\" title=\"Coronel PN combate delincuencia en Moca\" width=\"616\" height=\"462\" src=\"https:\/\/www.youtube.com\/embed\/QxjyDP8ofek?feature=oembed\" frameborder=\"0\" allow=\"accelerometer; autoplay; clipboard-write; encrypted-media; gyroscope; picture-in-picture; web-share\" referrerpolicy=\"strict-origin-when-cross-origin\" allowfullscreen><\/iframe>\n<\/div><\/figure>\n\n\n\n<p>\u00abEs lamentable, que el propio coronel con intenci\u00f3n de llevar tranquilidad a nuestras familias que dejamos en el lugar, haya denunciado que fue emboscado la semana pasada por desconocidos portando fusiles, con la intenci\u00f3n de ametrallarlo, pero gracias al servicio 911 no se consum\u00f3 la acci\u00f3n b\u00e9lica\u201d, como denunci\u00f3 el coronel\u00bb, expresan.<\/p>\n\n\n\n<p>Por su parte, el alto oficial est\u00e1 solicitando a varios j\u00f3venes que se encuentran pr\u00f3fugos entregarse, y ojal\u00e1 lo hagan por mediaci\u00f3n del dirigente popular Juan Compr\u00e9s (Guanchy), porque sus madres est\u00e1n sufriendo mucho por culpa de los hechos que han cometido en los \u00faltimos tiempos en Moca.<\/p>\n\n\n\n<p>Asever\u00f3, que si se comprometen entregarse lo ir\u00eda a buscar solo con Guanchy, garantiz\u00e1ndole la integridad f\u00edsica. \u00abPero si se entregan en buena lid, porque ellos saben que los estamos buscando y sus madres est\u00e1n preocupadas y sufriendo much\u00edsimos\u00bb, precisa De la Cruz.<\/p>\n\n\n\n<p>Entre los firmantes figuran Antonio Madera, Juana de Mercado, Isidro Almonte, Juan Carlos Castro, Alexander Baret, Melaneo Cruz, Josefina de Ruiz, Altagracia Vargas, Hugo Dom\u00ednguez, Rodolfo Guzm\u00e1n, Aquiles de Jes\u00fas, William Rodr\u00edguez y Leonardo Encarnaci\u00f3n, entre otros.<\/p>\n","protected":false},"excerpt":{"rendered":"<p>Por Ram\u00f3n Mercedes NUEVA YORK.&nbsp;Dominicanos procedentes de la provincia Espaillat que trabajan en diferentes \u00e1reas en esta ciudad hacen un llamado a los sectores comprometidos con el desarrollo, paz y bienestar del pueblo de Moca a respaldar las acciones que viene realizando el coronel policial Jos\u00e9 Francisco de la Cruz (El Veterano), comandante all\u00ed. En [&hellip;]<\/p>\n","protected":false},"author":7,"featured_media":308204,"comment_status":"closed","ping_status":"","sticky":true,"template":"","format":"standard","meta":{"footnotes":""},"categories":[23,27],"tags":[],"class_list":["post-308198","post","type-post","status-publish","format-standard","has-post-thumbnail","hentry","category-internacional","category-portada"],"_links":{"self":[{"href":"https:\/\/diariodominicano.com\/index.php?rest_route=\/wp\/v2\/posts\/308198","targetHints":{"allow":["GET"]}}],"collection":[{"href":"https:\/\/diariodominicano.com\/index.php?rest_route=\/wp\/v2\/posts"}],"about":[{"href":"https:\/\/diariodominicano.com\/index.php?rest_route=\/wp\/v2\/types\/post"}],"author":[{"embeddable":true,"href":"https:\/\/diariodominicano.com\/index.php?rest_route=\/wp\/v2\/users\/7"}],"replies":[{"embeddable":true,"href":"https:\/\/diariodominicano.com\/index.php?rest_route=%2Fwp%2Fv2%2Fcomments&post=308198"}],"version-history":[{"count":1,"href":"https:\/\/diariodominicano.com\/index.php?rest_route=\/wp\/v2\/posts\/308198\/revisions"}],"predecessor-version":[{"id":308207,"href":"https:\/\/diariodominicano.com\/index.php?rest_route=\/wp\/v2\/posts\/308198\/revisions\/308207"}],"wp:featuredmedia":[{"embeddable":true,"href":"https:\/\/diariodominicano.com\/index.php?rest_route=\/wp\/v2\/media\/308204"}],"wp:attachment":[{"href":"https:\/\/diariodominicano.com\/index.php?rest_route=%2Fwp%2Fv2%2Fmedia&parent=308198"}],"wp:term":[{"taxonomy":"category","embeddable":true,"href":"https:\/\/diariodominicano.com\/index.php?rest_route=%2Fwp%2Fv2%2Fcategories&post=308198"},{"taxonomy":"post_tag","embeddable":true,"href":"https:\/\/diariodominicano.com\/index.php?rest_route=%2Fwp%2Fv2%2Ftags&post=308198"}],"curies":[{"name":"wp","href":"https:\/\/api.w.org\/{rel}","templated":true}]}}