{"id":308157,"date":"2021-11-14T22:54:48","date_gmt":"2021-11-15T02:54:48","guid":{"rendered":"http:\/\/diariodominicano.com\/?p=308157"},"modified":"2021-11-14T22:54:48","modified_gmt":"2021-11-15T02:54:48","slug":"director-iad-con-la-entrega-de-titulos-definitivos-gobierno-mejora-calidad-de-vida-de-familias-beneficiadas-en-azua","status":"publish","type":"post","link":"https:\/\/diariodominicano.com\/?p=308157","title":{"rendered":"Director IAD: Con la entrega de t\u00edtulos definitivos Gobierno mejora calidad de vida de familias beneficiadas en Azua"},"content":{"rendered":"\n<p><strong>Azua, 14 de noviembre 2021.-<\/strong> El director general del Instituto Agrario Dominicano (IAD) afirm\u00f3 que con actos de esta naturaleza como los de hoy en Azua, se confirma una vez m\u00e1s el inter\u00e9s del presente Gobierno por mejorar sustancialmente la calidad de vida de las familias que habitan el campo dominicano, verdaderos productores de los alimentos que consume la poblaci\u00f3n.<\/p>\n\n\n\n<p><strong>Francisco Guillermo Garc\u00eda se expres\u00f3 en estos t\u00e9rminos durante el acto de entrega de 650 t\u00edtulos definitivos de parcelas, solares y viviendas a igual n\u00famero de familias en el D1 Ganadero, Azua, encabezado por el presidente de la Republica Luis Abinader.<\/strong><\/p>\n\n\n\n<p>Detall\u00f3 que los t\u00edtulos que hoy entrega el jefe de Estado pertenecen a las comunidades de El Copey, La Ci\u00e9naga, Los Jovillos, Kil\u00f3metro 7 y 8, Proyecto 4, La Ceiba Nueva, Pueblo Viejo, Nuevo Curro, Cruce, del 15 y T\u00e1bara Abajo, Distrito Municipal El Rosario, municipio de Sabana Yegua, en esta provincia.<\/p>\n\n\n\n<p>Explic\u00f3 que esos t\u00edtulos definitivos de propiedad corresponden a los asentamientos campesinos AC-012-Ysura, AC-184 D-1, AC-223-D-3, y el AC228-D-1 Ganadero, los cuales tienen, entre 41 y 52 a\u00f1os de formalizados, produciendo: pl\u00e1tanos, banano, tomate industrial, cebolla, ma\u00edz dulce y criollo, aj\u00edes, berenjena, mangos y limones, entre otros rubros.<\/p>\n\n\n\n<p>El director del IAD precis\u00f3 que con la entrega de hoy se suman a la de otros 11,634 certificados de t\u00edtulos definitivos otorgados a igual n\u00famero de productores, desde el ascenso al poder del presidente Luis Abinader, el 16 de agosto del 2020, que incluye programas de preparaci\u00f3n de tierras.<\/p>\n\n\n\n<p>Precis\u00f3 que parte de esta producci\u00f3n se utiliza, para abastecer el mercado local e internacional, principalmente exportaci\u00f3n de pl\u00e1tanos y bananos hacia la Uni\u00f3n Europea, a los pa\u00edses de Francia, Holanda, Espa\u00f1a, Luxemburgo, Grecia, as\u00ed como las islas caribe\u00f1as San Martin, Saint Croix y Aruba, generando divisas para el fortalecimiento de la econom\u00eda nacional.<\/p>\n\n\n\n<p>Francisco Guillermo Garc\u00eda sostuvo con j\u00fabilo y emoci\u00f3n que estos t\u00edtulos que reciben los parceleros impactan a 650 familias, con carga familiar de mas de 3 mil personas, mejorando sus condiciones de vida y llenando de paz y tranquilidad social a cada uno de ellos.<\/p>\n\n\n\n<p>\u201cEl IAD tiene la gran satisfacci\u00f3n de hacer esta entrega de t\u00edtulos definitivos a parceleros de la Reforma Agraria, lo que constituye el punto de partida para la transformaci\u00f3n social y econ\u00f3mica de sus familias, convirti\u00e9ndose as\u00ed en sujetos de cr\u00e9dito para iniciar proyectos productivos en la agropecuaria\u201d, asegur\u00f3 el director general del organismo.<\/p>\n\n\n\n<p>Afirm\u00f3 que el primer Mandatario ha querido darles prioridad a las entregas de t\u00edtulos definitivos, por lo que esa instituci\u00f3n, junto a la Comisi\u00f3n Permanente de Titulaci\u00f3n de Terrenos del Estado, tiene proyectado en lo que queda de este a\u00f1o, entregar otros 10,294 en diferentes provincias.<\/p>\n\n\n\n<p>Destac\u00f3 adem\u00e1s el funcionario que el IAD est\u00e1 trabajando para que los productores tengan mercados garantizados para sus productos, gracias a un convenio que suscrito recientemente con el Instituto de Estabilizaci\u00f3n de Precios (Inespre).<\/p>\n\n\n\n<p>Relaciones P\u00fablicas IAD<a target=\"_blank\" href=\"mailto:RelacionesPublicasIAD@gmail.com\" rel=\"noreferrer noopener\">RelacionesPublicasIAD@gmail.com<\/a>Abrir vista detallada<\/p>\n","protected":false},"excerpt":{"rendered":"<p>Azua, 14 de noviembre 2021.- El director general del Instituto Agrario Dominicano (IAD) afirm\u00f3 que con actos de esta naturaleza como los de hoy en Azua, se confirma una vez m\u00e1s el inter\u00e9s del presente Gobierno por mejorar sustancialmente la calidad de vida de las familias que habitan el campo dominicano, verdaderos productores de los [&hellip;]<\/p>\n","protected":false},"author":2,"featured_media":308158,"comment_status":"closed","ping_status":"","sticky":true,"template":"","format":"standard","meta":{"footnotes":""},"categories":[18,27],"tags":[],"class_list":["post-308157","post","type-post","status-publish","format-standard","has-post-thumbnail","hentry","category-economia","category-portada"],"_links":{"self":[{"href":"https:\/\/diariodominicano.com\/index.php?rest_route=\/wp\/v2\/posts\/308157","targetHints":{"allow":["GET"]}}],"collection":[{"href":"https:\/\/diariodominicano.com\/index.php?rest_route=\/wp\/v2\/posts"}],"about":[{"href":"https:\/\/diariodominicano.com\/index.php?rest_route=\/wp\/v2\/types\/post"}],"author":[{"embeddable":true,"href":"https:\/\/diariodominicano.com\/index.php?rest_route=\/wp\/v2\/users\/2"}],"replies":[{"embeddable":true,"href":"https:\/\/diariodominicano.com\/index.php?rest_route=%2Fwp%2Fv2%2Fcomments&post=308157"}],"version-history":[{"count":1,"href":"https:\/\/diariodominicano.com\/index.php?rest_route=\/wp\/v2\/posts\/308157\/revisions"}],"predecessor-version":[{"id":308159,"href":"https:\/\/diariodominicano.com\/index.php?rest_route=\/wp\/v2\/posts\/308157\/revisions\/308159"}],"wp:featuredmedia":[{"embeddable":true,"href":"https:\/\/diariodominicano.com\/index.php?rest_route=\/wp\/v2\/media\/308158"}],"wp:attachment":[{"href":"https:\/\/diariodominicano.com\/index.php?rest_route=%2Fwp%2Fv2%2Fmedia&parent=308157"}],"wp:term":[{"taxonomy":"category","embeddable":true,"href":"https:\/\/diariodominicano.com\/index.php?rest_route=%2Fwp%2Fv2%2Fcategories&post=308157"},{"taxonomy":"post_tag","embeddable":true,"href":"https:\/\/diariodominicano.com\/index.php?rest_route=%2Fwp%2Fv2%2Ftags&post=308157"}],"curies":[{"name":"wp","href":"https:\/\/api.w.org\/{rel}","templated":true}]}}