{"id":308152,"date":"2021-11-14T22:38:37","date_gmt":"2021-11-15T02:38:37","guid":{"rendered":"http:\/\/diariodominicano.com\/?p=308152"},"modified":"2021-11-14T22:38:37","modified_gmt":"2021-11-15T02:38:37","slug":"presidente-argentino-reafirma-que-seguira-gobernando-para-todos","status":"publish","type":"post","link":"https:\/\/diariodominicano.com\/?p=308152","title":{"rendered":"Presidente argentino reafirma que seguir\u00e1 gobernando para todos"},"content":{"rendered":"\n<p>Buenos Aires, 14 nov (Prensa Latina) El presidente argentino, Alberto Fern\u00e1ndez, apunt\u00f3 hoy que seguir\u00e1n gobernando para todos y redoblar\u00e1n los esfuerzos para atender las prioridades y resolver los problemas reales de la vida cotidiana para la recuperaci\u00f3n del pa\u00eds.<\/p>\n\n\n\n<ul class=\"wp-block-list\"><li>noviembre 14, 2021<\/li><li>CST20:48 (GMT) -0500<\/li><\/ul>\n\n\n\n<p>En una alocuci\u00f3n televisiva tras conocer los resultados de las elecciones legislativas, en la que la opositora Juntos por el Cambio se afianz\u00f3 en varias provincias, el mandatario signific\u00f3 que comienza la segunda etapa de su gesti\u00f3n y termina una muy dura, marcada por dos crisis.<\/p>\n\n\n\n<p>Una, dijo, la econom\u00eda heredada del gobierno anterior y de la que a\u00fan quedan enormes desaf\u00edos, la otra la crisis sanitaria (por la pandemia de Covid-19). Hoy empieza la segunda parte de nuestro gobierno y s\u00e9 bien que los argentinos necesitamos un horizonte, tenemos derecho a la esperanza, se\u00f1al\u00f3.<\/p>\n\n\n\n<p>Fern\u00e1ndez destac\u00f3 que continuar\u00e1n avanzando por el camino emprendido, al se\u00f1alar que se abre una etapa nueva para la naci\u00f3n, un futuro cuya construcci\u00f3n tenga como ejes la recuperaci\u00f3n econ\u00f3mica, la reducci\u00f3n de la inflaci\u00f3n y creaci\u00f3n de empleo en el marco de un di\u00e1logo constructivo.<\/p>\n\n\n\n<p>Por otra parte, subray\u00f3 la necesidad de priorizar los acuerdos nacionales y si queremos resolver los desaf\u00edos, dijo, necesitamos que las grandes mayor\u00edas generen consenso.<\/p>\n\n\n\n<p>A prop\u00f3sito de ello, llam\u00f3 a una oposici\u00f3n responsable, abierta al di\u00e1logo, patri\u00f3tica, e inst\u00f3 a una fruct\u00edfera relaci\u00f3n entre el Ejecutivo y el Congreso por el inter\u00e9s general del pa\u00eds.<\/p>\n\n\n\n<p>\u00abEs tiempo de resolver el problema derivado de la deuda con el Fondo Monetario Internacional, tomada por el gobierno que me precedi\u00f3, ese es el escollo m\u00e1s grande que enfrentamos para continuar en la senda de la recuperaci\u00f3n econ\u00f3mica y la construcci\u00f3n de un pa\u00eds con m\u00e1s equidad\u00bb, dijo en otro momento.<\/p>\n\n\n\n<p>A quienes dicen que el problema con el FMI puede ser resuelto en cinco minutos, les digo que negociar no es obedecer. Con ajuste no se logra ni siquiera ordenar las cuentas p\u00fablicas, para llegar a un acuerdo sustentable con el FMI, debemos despejar las incertidumbres que conllevan a deudas insostenibles y hacerlo preservando las condiciones que nos permitan seguir el sendero de la recuperaci\u00f3n, acot\u00f3.<\/p>\n\n\n\n<p>Fern\u00e1ndez anunci\u00f3 que en la primera semana de diciembre enviar\u00e1 al Congreso un proyecto de ley que explicite el programa econ\u00f3mico plurianual para el desarrollo sustentable, cuyo programa contemplar\u00e1 los mejores entendimientos que el gobierno haya alcanzado con el FMI en las negociaciones, sin renunciar a los principios de crecimiento econ\u00f3mico e inclusi\u00f3n social.<\/p>\n\n\n\n<p>Hemos cometidos errores, mi obligaci\u00f3n es aprender de los mismos, manifest\u00f3 casi al final de su intervenci\u00f3n, en la cual reafirm\u00f3 que en esta nueva etapa honrar\u00e1 el compromiso electoral asumido en diciembre en 2019. Creo profundamente en Argentina, el pesimismo es contagioso pero por suerte la esperanza tambi\u00e9n lo es, concluy\u00f3.<\/p>\n\n\n\n<p>jha\/may<\/p>\n","protected":false},"excerpt":{"rendered":"<p>Buenos Aires, 14 nov (Prensa Latina) El presidente argentino, Alberto Fern\u00e1ndez, apunt\u00f3 hoy que seguir\u00e1n gobernando para todos y redoblar\u00e1n los esfuerzos para atender las prioridades y resolver los problemas reales de la vida cotidiana para la recuperaci\u00f3n del pa\u00eds. noviembre 14, 2021 CST20:48 (GMT) -0500 En una alocuci\u00f3n televisiva tras conocer los resultados de [&hellip;]<\/p>\n","protected":false},"author":2,"featured_media":0,"comment_status":"closed","ping_status":"","sticky":true,"template":"","format":"standard","meta":{"footnotes":""},"categories":[23,27],"tags":[],"class_list":["post-308152","post","type-post","status-publish","format-standard","hentry","category-internacional","category-portada"],"_links":{"self":[{"href":"https:\/\/diariodominicano.com\/index.php?rest_route=\/wp\/v2\/posts\/308152","targetHints":{"allow":["GET"]}}],"collection":[{"href":"https:\/\/diariodominicano.com\/index.php?rest_route=\/wp\/v2\/posts"}],"about":[{"href":"https:\/\/diariodominicano.com\/index.php?rest_route=\/wp\/v2\/types\/post"}],"author":[{"embeddable":true,"href":"https:\/\/diariodominicano.com\/index.php?rest_route=\/wp\/v2\/users\/2"}],"replies":[{"embeddable":true,"href":"https:\/\/diariodominicano.com\/index.php?rest_route=%2Fwp%2Fv2%2Fcomments&post=308152"}],"version-history":[{"count":1,"href":"https:\/\/diariodominicano.com\/index.php?rest_route=\/wp\/v2\/posts\/308152\/revisions"}],"predecessor-version":[{"id":308153,"href":"https:\/\/diariodominicano.com\/index.php?rest_route=\/wp\/v2\/posts\/308152\/revisions\/308153"}],"wp:attachment":[{"href":"https:\/\/diariodominicano.com\/index.php?rest_route=%2Fwp%2Fv2%2Fmedia&parent=308152"}],"wp:term":[{"taxonomy":"category","embeddable":true,"href":"https:\/\/diariodominicano.com\/index.php?rest_route=%2Fwp%2Fv2%2Fcategories&post=308152"},{"taxonomy":"post_tag","embeddable":true,"href":"https:\/\/diariodominicano.com\/index.php?rest_route=%2Fwp%2Fv2%2Ftags&post=308152"}],"curies":[{"name":"wp","href":"https:\/\/api.w.org\/{rel}","templated":true}]}}