{"id":308148,"date":"2021-11-14T22:34:05","date_gmt":"2021-11-15T02:34:05","guid":{"rendered":"http:\/\/diariodominicano.com\/?p=308148"},"modified":"2021-11-14T22:35:01","modified_gmt":"2021-11-15T02:35:01","slug":"oficialismo-pierde-mayoria-en-el-senado-argentino","status":"publish","type":"post","link":"https:\/\/diariodominicano.com\/?p=308148","title":{"rendered":"Oficialismo pierde mayor\u00eda en el Senado argentino"},"content":{"rendered":"\n<figure class=\"wp-block-image\"><img decoding=\"async\" src=\"https:\/\/www.prensa-latina.cu\/wp-content\/uploads\/2021\/11\/arg-elecc1.jpg\" alt=\"oficialismo-pierde-mayoria-en-el-senado-argentino\"\/><\/figure>\n\n\n\n<p>Buenos Aires, 14 nov (Prensa Latina) En unas legislativas que marcar\u00e1n el rumbo de los pr\u00f3ximos dos a\u00f1os, el oficialista Frente de Todos perdi\u00f3 hoy su mayor\u00eda en el Senado argentino, donde tendr\u00e1 ahora 35 de las 72 bancas disponibles.<\/p>\n\n\n\n<ul class=\"wp-block-list\"><li>noviembre 14, 2021<\/li><li>CST19:39 (GMT) -0500<\/li><\/ul>\n\n\n\n<p>Con el 89,2 por ciento de las mesas escrutadas, los resultados provisorios arrojaron un triunfo del Frente de Todos en las provincias de Catamarca y Tucum\u00e1n en tanto la opositora Juntos por el Cambio venci\u00f3n en Chubut, Corrientes, La Rioja, La Pampa, Mendoza, Santa Fe y C\u00f3rdoba, seis de las ocho provincias que compet\u00edan por un puesto en la c\u00e1mara Alta.<\/p>\n\n\n\n<p>El oficialismo no logr\u00f3 revertir los resultados de las primarias argentinas en lo que respecta al Senado y a partir del pr\u00f3ximo 10 de diciembre, pasar\u00e1 de tener 41 a 35 miembros en su bloque, dos por debajo del n\u00famero necesario para abrir las sesiones.<\/p>\n\n\n\n<p>El Frente pon\u00eda en juego 15 bancas, de las cuales perdi\u00f3 cinco, que se adjudic\u00f3 Juntos por el Cambio, el cual arriesgaba nueve de las 26 con las que contaba hasta ahora.<\/p>\n\n\n\n<p>En la provincia de Catarmarca, el oficialismo se impuso de manera holgada con 50,4 por ciento de los votos, seguido por Juntos por el cambio, con 37,2 por ciento. Tambien venci\u00f3 en Tucum\u00e1n con el 41,5 por ciento.<\/p>\n\n\n\n<p>Por su parte la alianza que llev\u00f3 a Mauricio Macri a la presidencia en 2015 con el nombre de Cambiemos, afianz\u00f3 los votos en C\u00f3rdoba con un 54,1 por ciento, donde el oficialismo perdi\u00f3 el \u00fanico esca\u00f1o que ten\u00eda. Tambi\u00e9n repiti\u00f3 el triunfo en Corrientes (59 por ciento), Chubut (38,5 por ciento), al igual que en la Pampa (48,4 por ciento), Mendoza (50 por ciento) y Santa Fe (40,5 por ciento).<\/p>\n\n\n\n<p>jha\/may<\/p>\n\n\n\n<ul class=\"wp-block-list\"><li>#<a href=\"https:\/\/www.prensa-latina.cu\/tags\/argentina\">argentina<\/a>&nbsp;#<a href=\"https:\/\/www.prensa-latina.cu\/tags\/elecciones\">elecciones<\/a><\/li><\/ul>\n","protected":false},"excerpt":{"rendered":"<p>Buenos Aires, 14 nov (Prensa Latina) En unas legislativas que marcar\u00e1n el rumbo de los pr\u00f3ximos dos a\u00f1os, el oficialista Frente de Todos perdi\u00f3 hoy su mayor\u00eda en el Senado argentino, donde tendr\u00e1 ahora 35 de las 72 bancas disponibles. noviembre 14, 2021 CST19:39 (GMT) -0500 Con el 89,2 por ciento de las mesas escrutadas, [&hellip;]<\/p>\n","protected":false},"author":2,"featured_media":308149,"comment_status":"closed","ping_status":"","sticky":true,"template":"","format":"standard","meta":{"footnotes":""},"categories":[23,27],"tags":[],"class_list":["post-308148","post","type-post","status-publish","format-standard","has-post-thumbnail","hentry","category-internacional","category-portada"],"_links":{"self":[{"href":"https:\/\/diariodominicano.com\/index.php?rest_route=\/wp\/v2\/posts\/308148","targetHints":{"allow":["GET"]}}],"collection":[{"href":"https:\/\/diariodominicano.com\/index.php?rest_route=\/wp\/v2\/posts"}],"about":[{"href":"https:\/\/diariodominicano.com\/index.php?rest_route=\/wp\/v2\/types\/post"}],"author":[{"embeddable":true,"href":"https:\/\/diariodominicano.com\/index.php?rest_route=\/wp\/v2\/users\/2"}],"replies":[{"embeddable":true,"href":"https:\/\/diariodominicano.com\/index.php?rest_route=%2Fwp%2Fv2%2Fcomments&post=308148"}],"version-history":[{"count":2,"href":"https:\/\/diariodominicano.com\/index.php?rest_route=\/wp\/v2\/posts\/308148\/revisions"}],"predecessor-version":[{"id":308151,"href":"https:\/\/diariodominicano.com\/index.php?rest_route=\/wp\/v2\/posts\/308148\/revisions\/308151"}],"wp:featuredmedia":[{"embeddable":true,"href":"https:\/\/diariodominicano.com\/index.php?rest_route=\/wp\/v2\/media\/308149"}],"wp:attachment":[{"href":"https:\/\/diariodominicano.com\/index.php?rest_route=%2Fwp%2Fv2%2Fmedia&parent=308148"}],"wp:term":[{"taxonomy":"category","embeddable":true,"href":"https:\/\/diariodominicano.com\/index.php?rest_route=%2Fwp%2Fv2%2Fcategories&post=308148"},{"taxonomy":"post_tag","embeddable":true,"href":"https:\/\/diariodominicano.com\/index.php?rest_route=%2Fwp%2Fv2%2Ftags&post=308148"}],"curies":[{"name":"wp","href":"https:\/\/api.w.org\/{rel}","templated":true}]}}