{"id":308108,"date":"2021-11-14T20:47:50","date_gmt":"2021-11-15T00:47:50","guid":{"rendered":"http:\/\/diariodominicano.com\/?p=308108"},"modified":"2021-11-14T20:47:50","modified_gmt":"2021-11-15T00:47:50","slug":"identifican-a-34-de-los-68-presos-asesinados-en-carcel-de-ecuador","status":"publish","type":"post","link":"https:\/\/diariodominicano.com\/?p=308108","title":{"rendered":"Identifican a 34 de los 68 presos asesinados en c\u00e1rcel de Ecuador"},"content":{"rendered":"\n<p>diariodominicano.com<a rel=\"noreferrer noopener\" href=\"https:\/\/www.xinhua-news.com\/gdsdetailxhs\/share\/10605825-?pageflag=iframe\" target=\"_blank\"><\/a><\/p>\n\n\n\n<pre id=\"text-news-description\" class=\"wp-block-preformatted\">   QUITO, 14 nov (Xinhua) -- Las autoridades ecuatorianas han identificado el s\u00e1bado cuerpos de 34 de los 68 presos asesinados en los violentos enfrentamientos ocurridos en la Penitenciar\u00eda del Litoral, la principal c\u00e1rcel de la ciudad de Guayaquil (suroeste), inform\u00f3 hoy domingo la Secretar\u00eda General de Comunicaci\u00f3n de la Presidencia.\n   La entidad indic\u00f3 en un comunicado que la Secretar\u00eda de Derechos Humanos entregar\u00e1 en las pr\u00f3ximas horas los f\u00e9retros a las familias de las v\u00edctimas mortales, mientras que el \u00e1rea de criminal\u00edstica contin\u00faa con el trabajo de identificaci\u00f3n de los dem\u00e1s fallecidos.\n   \"El proceso de entrega de los cuerpos consiste en realizar la autopsia, que deber\u00e1 ser avalada por la Fiscal\u00eda; solicitar al Registro Civil la autorizaci\u00f3n de los datos y verificar si est\u00e1n cedulados; otorgar el acta de defunci\u00f3n; y, finalmente, entregar el cuerpo en el f\u00e9retro a los familiares\", indic\u00f3.\n   La revuelta, que tambi\u00e9n dej\u00f3 a 25 reos heridos, ocurri\u00f3 durante la noche del viernes y la madrugada del s\u00e1bado, y fue atribuida a disputas de poder entre bandas vinculadas al narcotr\u00e1fico, seg\u00fan la Polic\u00eda Nacional de Ecuador.\n   La instituci\u00f3n se\u00f1al\u00f3 que los ataques se produjeron despu\u00e9s de que cabecillas de varios pabellones salieron en libertad, luego de haber cumplido el 60 por ciento de su condena.\n   Tras el episodio, el Gobierno ecuatoriano alert\u00f3 horas m\u00e1s tarde de nuevos \"ataques\" en el mismo penal, sin que se registraran otras v\u00edctimas mortales.\n   La Polic\u00eda Nacional despleg\u00f3 a 900 efectivos dentro del presidio, as\u00ed como en el per\u00edmetro externo, con la intensi\u00f3n de controlar la situaci\u00f3n y frenar la ola de violencia.\n   Seg\u00fan la Secretar\u00eda General de Comunicaci\u00f3n, la situaci\u00f3n ya est\u00e1 controlada en el penal y no se registran incidentes en los 36 centros de privaci\u00f3n de libertad del pa\u00eds.\n   El Gobierno lleva a cabo a su vez una serie de acciones para brindar acompa\u00f1amiento psicol\u00f3gico a familiares de los presos asesinados.\n   El Servicio Nacional de Atenci\u00f3n Integral a Personas Adultas Privadas de Libertad y Adolescentes Infractores da seguimiento a su vez a la salud de los internos heridos atendidos en casas de salud, al mantener informados a familiares.\n   El presidente ecuatoriano, Guillermo Lasso, encabez\u00f3 el s\u00e1bado un \"gabinete de crisis\" en el que se analiz\u00f3 lo sucedido en la Penitenciar\u00eda del Litoral, suceso que el Gobierno tild\u00f3 como \"barbarie\".\n   Lasso mantuvo adem\u00e1s una reuni\u00f3n con un equipo asesor internacional, y con representantes de la sociedad civil para el proceso de pacificaci\u00f3n.\n   El 29 de septiembre pasado, la Penitenciar\u00eda de Litoral de Guayaquil fue escenario de otra revuelta que dej\u00f3 al menos 118 presos muertos, considerada la mayor masacre carcelaria en la historia del pa\u00eds sudamericano.\n   Los enfrentamientos entre bandas rivales son constantes en c\u00e1rceles ecuatorianas, situaci\u00f3n que registra m\u00e1s de 300 presos muertos este a\u00f1o, seg\u00fan informes de la Polic\u00eda Nacional. <\/pre>\n","protected":false},"excerpt":{"rendered":"<p>diariodominicano.com QUITO, 14 nov (Xinhua) &#8212; Las autoridades ecuatorianas han identificado el s\u00e1bado cuerpos de 34 de los 68 presos asesinados en los violentos enfrentamientos ocurridos en la Penitenciar\u00eda del Litoral, la principal c\u00e1rcel de la ciudad de Guayaquil (suroeste), inform\u00f3 hoy domingo la Secretar\u00eda General de Comunicaci\u00f3n de la Presidencia. La entidad indic\u00f3 en [&hellip;]<\/p>\n","protected":false},"author":5,"featured_media":308125,"comment_status":"closed","ping_status":"","sticky":true,"template":"","format":"standard","meta":{"footnotes":""},"categories":[23,27],"tags":[],"class_list":["post-308108","post","type-post","status-publish","format-standard","has-post-thumbnail","hentry","category-internacional","category-portada"],"_links":{"self":[{"href":"https:\/\/diariodominicano.com\/index.php?rest_route=\/wp\/v2\/posts\/308108","targetHints":{"allow":["GET"]}}],"collection":[{"href":"https:\/\/diariodominicano.com\/index.php?rest_route=\/wp\/v2\/posts"}],"about":[{"href":"https:\/\/diariodominicano.com\/index.php?rest_route=\/wp\/v2\/types\/post"}],"author":[{"embeddable":true,"href":"https:\/\/diariodominicano.com\/index.php?rest_route=\/wp\/v2\/users\/5"}],"replies":[{"embeddable":true,"href":"https:\/\/diariodominicano.com\/index.php?rest_route=%2Fwp%2Fv2%2Fcomments&post=308108"}],"version-history":[{"count":1,"href":"https:\/\/diariodominicano.com\/index.php?rest_route=\/wp\/v2\/posts\/308108\/revisions"}],"predecessor-version":[{"id":308126,"href":"https:\/\/diariodominicano.com\/index.php?rest_route=\/wp\/v2\/posts\/308108\/revisions\/308126"}],"wp:featuredmedia":[{"embeddable":true,"href":"https:\/\/diariodominicano.com\/index.php?rest_route=\/wp\/v2\/media\/308125"}],"wp:attachment":[{"href":"https:\/\/diariodominicano.com\/index.php?rest_route=%2Fwp%2Fv2%2Fmedia&parent=308108"}],"wp:term":[{"taxonomy":"category","embeddable":true,"href":"https:\/\/diariodominicano.com\/index.php?rest_route=%2Fwp%2Fv2%2Fcategories&post=308108"},{"taxonomy":"post_tag","embeddable":true,"href":"https:\/\/diariodominicano.com\/index.php?rest_route=%2Fwp%2Fv2%2Ftags&post=308108"}],"curies":[{"name":"wp","href":"https:\/\/api.w.org\/{rel}","templated":true}]}}