{"id":308084,"date":"2021-11-14T19:55:57","date_gmt":"2021-11-14T23:55:57","guid":{"rendered":"http:\/\/diariodominicano.com\/?p=308084"},"modified":"2021-11-15T03:36:22","modified_gmt":"2021-11-15T07:36:22","slug":"delegacion-de-lpr-deportes-viaja-a-colombia-para-realizar-varias-coberturas-especiales","status":"publish","type":"post","link":"https:\/\/diariodominicano.com\/?p=308084","title":{"rendered":"Delegaci\u00f3n de LPR Deportes viaja a Colombia para realizar varias coberturas especiales"},"content":{"rendered":"\n<p>prensa LPR Deportes<\/p>\n\n\n\n<p><strong>Bogot\u00e1 Colombia.<\/strong>-Una  delegaci\u00f3n de comunicadores deportivos que pertenece a la mejor plataforma deportiva de la Rep\u00fablica Dominicana LPR Deportes arrib\u00f3 la madrugada del domingo a la ciudad de Bogot\u00e1 en Colombia para inmediatamente iniciar una amplia jornada de trabajo, donde realizar\u00e1n varias coberturas a trav\u00e9s de dicha plataforma digital y redes sociales.<\/p>\n\n\n\n<p>La delegaci\u00f3n est\u00e1 integradas por los talentosos j\u00f3venes comunicadores de la ciudad de Santiago de la Rep\u00fablica Dominicana Xavier Vargas, Celina Cruz, Enmanuel Tavarez y Ezequiel Sosa, quienes estar\u00e1n desde este domingo y hasta el pr\u00f3ximo viernes realizando entrevistas, transmisiones en vivo, reportajes y an\u00e1lisis de diferentes eventos deportivos en la Rep\u00fablica de Colombia y muy en especial tendr\u00e1n el compromiso de darle seguimientos especiales a los atletas y dirigentes dominicanos que est\u00e1n laborando&nbsp;tanto en la Divisi\u00f3n de Baloncesto Profesi\u00f3n de Colombia en San Andr\u00e9s y en la Liga Profesional de B\u00e9isbol Invernal de dicha Rep\u00fablica.<\/p>\n\n\n\n<p>LPR Deportes, quien tiene como director deportivo en la Rep\u00fablica Dominicana a Ezequiel Sosa y como gerente general a Mois\u00e9s Pe\u00f1a, sigue contando con las coberturas nacionales e internacionales, de est\u00e1 \u00faltima podemos mencionar el S\u00faper Bowl, la Serie del Caribe, el Pre-Ol\u00edmpico de B\u00e9isbol en Florida, la serie semifinal del actual Torneo de Baloncesto Nacional de Puerto Rico y ahora llegan a Colombia para darles seguimientos a diferentes disciplinas deportivas.<\/p>\n\n\n\n<p>Adem\u00e1s de Sosa y Pe\u00f1a LPR Deportes cuenta con un amplio y valioso equipo de trabajo, donde podemos mencionar el talentoso Enmanuel Tavarez, quien adem\u00e1s de ser el asesor legar de la compa\u00f1\u00eda tambi\u00e9n forma parte de los comunicadores, donde es acompa\u00f1ado por Elwin Pe\u00f1a, S\u00f3crates Polanco, Celina Cruz y Xavier Vargas.<\/p>\n\n\n\n<p>En las pr\u00f3ximas horas los ejecutivos de LPR dar\u00e1n a conocer cu\u00e1les ser\u00e1n las coberturas que estar\u00e1n realizando sus integrantes en la hermana Rep\u00fablica de Colombia. <\/p>\n\n\n\n<p>Ezequiel Sosa<a target=\"_blank\" href=\"mailto:explociondeportiva@gmail.com\" rel=\"noreferrer noopener\">explociondeportiva@gmail.com<\/a><\/p>\n","protected":false},"excerpt":{"rendered":"<p>prensa LPR Deportes Bogot\u00e1 Colombia.-Una delegaci\u00f3n de comunicadores deportivos que pertenece a la mejor plataforma deportiva de la Rep\u00fablica Dominicana LPR Deportes arrib\u00f3 la madrugada del domingo a la ciudad de Bogot\u00e1 en Colombia para inmediatamente iniciar una amplia jornada de trabajo, donde realizar\u00e1n varias coberturas a trav\u00e9s de dicha plataforma digital y redes sociales. [&hellip;]<\/p>\n","protected":false},"author":2,"featured_media":308124,"comment_status":"closed","ping_status":"","sticky":true,"template":"","format":"standard","meta":{"footnotes":""},"categories":[17,27],"tags":[],"class_list":["post-308084","post","type-post","status-publish","format-standard","has-post-thumbnail","hentry","category-deportes","category-portada"],"_links":{"self":[{"href":"https:\/\/diariodominicano.com\/index.php?rest_route=\/wp\/v2\/posts\/308084","targetHints":{"allow":["GET"]}}],"collection":[{"href":"https:\/\/diariodominicano.com\/index.php?rest_route=\/wp\/v2\/posts"}],"about":[{"href":"https:\/\/diariodominicano.com\/index.php?rest_route=\/wp\/v2\/types\/post"}],"author":[{"embeddable":true,"href":"https:\/\/diariodominicano.com\/index.php?rest_route=\/wp\/v2\/users\/2"}],"replies":[{"embeddable":true,"href":"https:\/\/diariodominicano.com\/index.php?rest_route=%2Fwp%2Fv2%2Fcomments&post=308084"}],"version-history":[{"count":4,"href":"https:\/\/diariodominicano.com\/index.php?rest_route=\/wp\/v2\/posts\/308084\/revisions"}],"predecessor-version":[{"id":308180,"href":"https:\/\/diariodominicano.com\/index.php?rest_route=\/wp\/v2\/posts\/308084\/revisions\/308180"}],"wp:featuredmedia":[{"embeddable":true,"href":"https:\/\/diariodominicano.com\/index.php?rest_route=\/wp\/v2\/media\/308124"}],"wp:attachment":[{"href":"https:\/\/diariodominicano.com\/index.php?rest_route=%2Fwp%2Fv2%2Fmedia&parent=308084"}],"wp:term":[{"taxonomy":"category","embeddable":true,"href":"https:\/\/diariodominicano.com\/index.php?rest_route=%2Fwp%2Fv2%2Fcategories&post=308084"},{"taxonomy":"post_tag","embeddable":true,"href":"https:\/\/diariodominicano.com\/index.php?rest_route=%2Fwp%2Fv2%2Ftags&post=308084"}],"curies":[{"name":"wp","href":"https:\/\/api.w.org\/{rel}","templated":true}]}}