{"id":308081,"date":"2021-11-14T19:46:10","date_gmt":"2021-11-14T23:46:10","guid":{"rendered":"http:\/\/diariodominicano.com\/?p=308081"},"modified":"2021-11-14T19:46:10","modified_gmt":"2021-11-14T23:46:10","slug":"alcaldesa-carolina-mejia-decidi-abrazar-el-servicio-publico-para-construir-y-transformar-adn-arriba-a-los-50-parques-intervenidos-en-la-ciudad","status":"publish","type":"post","link":"https:\/\/diariodominicano.com\/?p=308081","title":{"rendered":"Alcaldesa Carolina Mej\u00eda: decid\u00ed abrazar el servicio p\u00fablico para construir y transformar. ADN arriba a los 50 parques intervenidos en la ciudad"},"content":{"rendered":"\n<p> <strong>El  parque Camila Henr\u00edquez Ure\u00f1a est\u00e1  en el sector Los Maestros, y consta de distintas \u00e1reas de esparcimiento, como infantil, con diversos juegos, un \u00e1rea deportiva con canchas de b\u00e1squetbol y voleibol, y un \u00e1rea de esparcimiento general para toda la familia, que ofrece a los usuarios un espacio de disfrute completamente renovado y debidamente acondicionado para su sano disfrute. <\/strong><\/p>\n\n\n\n<p><\/p>\n\n\n\n<p><strong>Santo Domingo<\/strong>.- La alcaldesa del Distrito Nacional, Carolina Mej\u00eda, resalt\u00f3 la importancia de ir al servicio p\u00fablico para ayudar y construir soluciones para dignificar la vida de la gente al celebrar los primeros 50 parques que ha intervenido en su gesti\u00f3n con la inauguraci\u00f3n del Parque Camila Henr\u00edquez Ure\u00f1a en Los Maestros.<br>\u201cEn mi coraz\u00f3n siempre he tenido el deseo de colaborar con que la gente viva mejor, especialmente los m\u00e1s necesitados; lo aprend\u00ed de peque\u00f1a en mi hogar. Lo importante es que uno siempre est\u00e9 dispuesto a ver c\u00f3mo ayuda. Y por eso decid\u00ed abrazar el servicio p\u00fablico, con esa filosof\u00eda de vida. Nunca para destruir, sino para construir\u201d, manifest\u00f3 al dirigirse a los que se dieron cita al acto de inauguraci\u00f3n del referido parque.<br>El parque Camila Henr\u00edquez Ure\u00f1a est\u00e1  en el sector Los Maestros, y consta de distintas \u00e1reas de esparcimiento, como infantil, con diversos juegos, un \u00e1rea deportiva con canchas de b\u00e1squetbol y voleibol, y un \u00e1rea de esparcimiento general para toda la familia, que ofrece a los usuarios un espacio de disfrute completamente renovado y debidamente acondicionado para su sano disfrute.<br>\u201cCon este espacio estamos honrando la memoria de una educadora y una mujer que marc\u00f3 mucho la historia justamente para nosotras las mujeres y como servidoras p\u00fablicas. Hoy develamos nuevamente la tarja identificando este lugar y con ello honramos la memoria de Camila Henr\u00edquez Ure\u00f1a\u201d, resalt\u00f3 al  develizar el letrero principal que identifica el parque.<br>La alcaldesa destac\u00f3 la labor de los colaboradores de ADN y de los concejales que trabajan de cerca con los sectores para llevar las soluciones e iniciativas que respondan a las necesidades de la gente. \u201cNosotros somos servidores p\u00fablicos y con el coraz\u00f3n atendemos sus necesidades\u201d.<br>\u201cDe lo que se trata es de recuperar espacios y dignificarlos porque es la forma de decirle a los ciudadanos: t\u00fa me importas, yo te debo tratar a ti de la forma en que mereces ser tratado. El orden, la limpieza, la convivencia pac\u00edfica y los valores que promovemos en la ciudad son fundamentales para decirle a los capitale\u00f1os: yo te amo y porque te amo te cuido y quiero lo mejor para ti. Por eso estamos hoy aqu\u00ed\u201d, dijo la titular del cabildo.<br>Hizo un llamado al respeto y la convivencia pac\u00edfica en los espacios p\u00fablicos. \u201cRecuerden que la ciudad es de todos y eso es un compromiso grande que tenemos; hay reglas que debemos respetar porque la convivencia debe ser gratificante. No podemos imponer lo que conviene de manera individual; pensemos en comunidad y en bienestar\u201d.<br>El acto de inauguraci\u00f3n del Parque Camila Henr\u00edquez Ure\u00f1a cont\u00f3 con actividades diversas para toda la familia, como pinta caritas, juegos, presentaci\u00f3n de caricaturas y personajes infantiles, entre otros.<br>Por otro lado, con el prop\u00f3sito de mantener la sostenibilidad del espacio, el cabildo en la persona de la alcaldesa Mej\u00eda firm\u00f3 un acuerdo de cogesti\u00f3n con la comunidad de Los Maestros mediante el cual los comunitarios se comprometen a cuidar del mismo.<br><strong>Direcci\u00f3n de Comunicaciones ADN13 de noviembre, 2021<\/strong><\/p>\n","protected":false},"excerpt":{"rendered":"<p>El parque Camila Henr\u00edquez Ure\u00f1a est\u00e1 en el sector Los Maestros, y consta de distintas \u00e1reas de esparcimiento, como infantil, con diversos juegos, un \u00e1rea deportiva con canchas de b\u00e1squetbol y voleibol, y un \u00e1rea de esparcimiento general para toda la familia, que ofrece a los usuarios un espacio de disfrute completamente renovado y debidamente [&hellip;]<\/p>\n","protected":false},"author":2,"featured_media":308082,"comment_status":"closed","ping_status":"","sticky":true,"template":"","format":"standard","meta":{"footnotes":""},"categories":[25,27],"tags":[],"class_list":["post-308081","post","type-post","status-publish","format-standard","has-post-thumbnail","hentry","category-gente","category-portada"],"_links":{"self":[{"href":"https:\/\/diariodominicano.com\/index.php?rest_route=\/wp\/v2\/posts\/308081","targetHints":{"allow":["GET"]}}],"collection":[{"href":"https:\/\/diariodominicano.com\/index.php?rest_route=\/wp\/v2\/posts"}],"about":[{"href":"https:\/\/diariodominicano.com\/index.php?rest_route=\/wp\/v2\/types\/post"}],"author":[{"embeddable":true,"href":"https:\/\/diariodominicano.com\/index.php?rest_route=\/wp\/v2\/users\/2"}],"replies":[{"embeddable":true,"href":"https:\/\/diariodominicano.com\/index.php?rest_route=%2Fwp%2Fv2%2Fcomments&post=308081"}],"version-history":[{"count":1,"href":"https:\/\/diariodominicano.com\/index.php?rest_route=\/wp\/v2\/posts\/308081\/revisions"}],"predecessor-version":[{"id":308083,"href":"https:\/\/diariodominicano.com\/index.php?rest_route=\/wp\/v2\/posts\/308081\/revisions\/308083"}],"wp:featuredmedia":[{"embeddable":true,"href":"https:\/\/diariodominicano.com\/index.php?rest_route=\/wp\/v2\/media\/308082"}],"wp:attachment":[{"href":"https:\/\/diariodominicano.com\/index.php?rest_route=%2Fwp%2Fv2%2Fmedia&parent=308081"}],"wp:term":[{"taxonomy":"category","embeddable":true,"href":"https:\/\/diariodominicano.com\/index.php?rest_route=%2Fwp%2Fv2%2Fcategories&post=308081"},{"taxonomy":"post_tag","embeddable":true,"href":"https:\/\/diariodominicano.com\/index.php?rest_route=%2Fwp%2Fv2%2Ftags&post=308081"}],"curies":[{"name":"wp","href":"https:\/\/api.w.org\/{rel}","templated":true}]}}